{"id":30521,"date":"2025-02-10T13:02:40","date_gmt":"2025-02-10T11:02:40","guid":{"rendered":"https:\/\/www.forcadell.com\/?p=30521"},"modified":"2025-02-10T13:14:53","modified_gmt":"2025-02-10T11:14:53","slug":"forcadell-assessora-melcombe-partners-en-ladquisicio-duna-nau-logistica-a-el-prat-de-llobregat","status":"publish","type":"post","link":"https:\/\/forcadell.com\/ca\/forcadell-assessora-melcombe-partners-en-ladquisicio-duna-nau-logistica-a-el-prat-de-llobregat\/","title":{"rendered":"FORCADELL assessora Melcombe Partners en l&#8217;adquisici\u00f3 d&#8217;una nau log\u00edstica a El Prat de Llobregat"},"content":{"rendered":"<div class=\"o-container GenericStyles\">\n<p>La gestora d\u2019inversions i actius immobiliaris de capital privat, <strong>Melcombe Partners<\/strong>, ha adquirit una <strong>nau log\u00edstica a El Prat de Llobregat<\/strong> <strong>(Barcelona)<\/strong>, la <strong>principal zona log\u00edstica d&#8217;\u00faltima milla d&#8217;Espanya<\/strong> i una de les ubicacions log\u00edstiques urbanes m\u00e9s sol\u00b7licitades d&#8217;Europa. L&#8217;operaci\u00f3 ha estat assessorada per FORCADELL, reafirmant el seu paper <strong>referent en el mercat immobiliari log\u00edstic <\/strong>espanyol.<\/p>\n<\/div>\n\n<div class=\"o-container GenericStyles\">\n<p>Amb aquest actiu, <strong>Melcombe Partners continua ampliant la seva cartera a Espanya<\/strong> apostant pel potencial log\u00edstic de Catalunya, sent aquesta la seva quarta operaci\u00f3 a El Prat de Llobregat. El seu objectiu \u00e9s adaptar la nau als <strong>m\u00e0xims est\u00e0ndards de sostenibilitat i efici\u00e8ncia operativa<\/strong>, amb la finalitat d&#8217;obtenir la certificaci\u00f3 BREEAM Excellent. Aquesta actualitzaci\u00f3 posicionar\u00e0 l&#8217;immoble com un <strong>actiu log\u00edstic de refer\u00e8ncia<\/strong> en un mercat cada cop m\u00e9s orientat cap a solucions sostenibles. Posteriorment, la propietat estar\u00e0 disponible per al seu arrendament, alineant-se amb les demandes creixents del sector.<\/p>\n<\/div>\n\n<div class=\"o-container GenericStyles\">\n<p>En aquest sentit, tamb\u00e9 cal destacar la seva <strong>ubicaci\u00f3 estrat\u00e8gica a l&#8217;\u00e0rea metropolitana de Barcelona<\/strong>, concretament al Pol\u00edgon Industrial Pratenc d&#8217;El Prat de Llobregat. Aix\u00ed, situada a la 1a Corona log\u00edstica de la ciutat, la plataforma es troba a nom\u00e9s 3 km del port de Barcelona, un dels principals <strong><em>hubs <\/em>log\u00edstics del Mediterrani<\/strong>, i a 5 km de l&#8217;aeroport de Barcelona-El Prat, clau per a operacions internacionals, oferint connexi\u00f3 directa amb els mercats urbans estant a 10 km del centre de la ciutat.<\/p>\n<\/div>\n\n<div class=\"o-container GenericStyles\">\n<p>La nau ser\u00e0 reformada per <strong>optimitzar operacions log\u00edstiques exigents<\/strong>. Disposar\u00e0 de 7.000 m\u00b2 de primera qualitat, amb 34 molls de c\u00e0rrega, 2 portes d\u2019acc\u00e9s TIR, a m\u00e9s d\u2019oficines completament condicionades.<\/p>\n<\/div>\n\n<div class=\"o-container GenericStyles\">\n<h2 class=\"wp-block-heading\">Barcelona, un mercat log\u00edstic din\u00e0mic<\/h2>\n<\/div>\n\n<div class=\"o-container GenericStyles\">\n<p>La <strong>primera corona log\u00edstica de Barcelona<\/strong> continua sent una de les m\u00e9s competitives d\u2019Europa, amb una taxa de disponibilitat de nom\u00e9s el 0,81%, tal com destaca l\u2019\u00faltim informe presentat per FORCADELL.<\/p>\n<\/div>\n\n<div class=\"o-container GenericStyles\">\n<p>Sobre aix\u00f2, Gerard Plana, director del <a href=\"https:\/\/www.forcadell.com\/ca\/immobiliaria-industrial\/\" target=\"_blank\" rel=\"noreferrer noopener\">departament Industrial \u2013 Log\u00edstica de FORCADELL<\/a>, destaca com <strong>&#8220;<\/strong>aquesta operaci\u00f3 reflecteix la <strong>vitalitat del mercat log\u00edstic a Barcelona<\/strong>, que continua sent una de les \u00e0rees m\u00e9s demandades per al desenvolupament i la inversi\u00f3 en actius log\u00edstics.&#8221;<\/p>\n<\/div>\n\n<div class=\"o-container GenericStyles\">\n<p><a href=\"https:\/\/www.melcombepartners.com\/\" target=\"_blank\" rel=\"noreferrer noopener\">Melcombe Partners<\/a> \u00e9s un <strong>gestor d\u2019inversions especialitzat en immobles log\u00edstics<\/strong> enfocat en inversions estrat\u00e8giques al voltant de les principals ciutats europees.<\/p>\n<\/div>\n\n<div class=\"o-container GenericStyles\">\n<p>L\u2019equip de Melcombe est\u00e0 format per<strong> professionals amb una llarga traject\u00f2ria en inversions i gesti\u00f3 d\u2019actius<\/strong> amb experi\u00e8ncia a Espanya, Regne Unit, Fran\u00e7a, Alemanya i Pa\u00efsos Baixos.<\/p>\n<\/div>\n\n<div class=\"o-container GenericStyles\">\n<p>Albert Monserrat, Soci i Director General de Melcombe a Espanya, destaca: Barcelona \u00e9s un <strong>mercat estrat\u00e8gic <\/strong>per als inversors institucionals que desitgin ampliar la seva exposici\u00f3 en log\u00edstica urbana europea. Els fonamentals de la primera corona de Barcelona es mantenen robustos, amb una disponibilitat molt baixa, una demanda s\u00f2lida de naus de darrera generaci\u00f3 i unes barreres naturals molt marcades que dificulten la generaci\u00f3 de nou estoc.<\/p>\n<\/div>\n\n<div class=\"o-container GenericStyles\">\n<p>Melcombe ha adquirit quatre actius a El Prat durant els \u00faltims cinc anys,<strong> consolidant la nostra estrat\u00e8gia de creaci\u00f3 de valor <\/strong>mitjan\u00e7ant la compra d\u2019actius obsolets per a la seva conversi\u00f3 en producte institucional adaptat a les necessitats actuals dels llogaters.<\/p>\n<\/div>","protected":false},"excerpt":{"rendered":"<p>La gestora d\u2019inversions i actius immobiliaris de capital privat ha adquirit una nau log\u00edstica a la principal zona log\u00edstica d&#8217;\u00faltima milla d&#8217;Espanya i una de les ubicacions log\u00edstiques urbanes m\u00e9s sol\u00b7licitades d&#8217;Europa.<\/p>\n","protected":false},"author":8,"featured_media":30572,"comment_status":"closed","ping_status":"open","sticky":false,"template":"","format":"standard","meta":{"_acf_changed":false,"footnotes":""},"categories":[77],"tags":[],"class_list":["post-30521","post","type-post","status-publish","format-standard","has-post-thumbnail","hentry","category-corporatiu"],"acf":[],"yoast_head":"<!-- This site is optimized with the Yoast SEO plugin v25.6 - https:\/\/yoast.com\/wordpress\/plugins\/seo\/ -->\n<title>FORCADELL assessora Melcombe Partners I FORCADELL<\/title>\n<meta name=\"description\" content=\"Melcombe Partners, gestora d\u2019inversions i actius immobiliaris, ha adquirit una nau log\u00edstica a El Prat, assessorada per FORCADELL.\" \/>\n<meta name=\"robots\" content=\"index, follow, max-snippet:-1, max-image-preview:large, max-video-preview:-1\" \/>\n<link rel=\"canonical\" href=\"https:\/\/forcadell.com\/ca\/forcadell-assessora-melcombe-partners-en-ladquisicio-duna-nau-logistica-a-el-prat-de-llobregat\/\" \/>\n<meta property=\"og:locale\" content=\"ca_ES\" \/>\n<meta property=\"og:type\" content=\"article\" \/>\n<meta property=\"og:title\" content=\"FORCADELL assessora Melcombe Partners I FORCADELL\" \/>\n<meta property=\"og:description\" content=\"Melcombe Partners, gestora d\u2019inversions i actius immobiliaris, ha adquirit una nau log\u00edstica a El Prat, assessorada per FORCADELL.\" \/>\n<meta property=\"og:url\" content=\"https:\/\/forcadell.com\/ca\/forcadell-assessora-melcombe-partners-en-ladquisicio-duna-nau-logistica-a-el-prat-de-llobregat\/\" \/>\n<meta property=\"og:site_name\" content=\"Forcadell\" \/>\n<meta property=\"article:published_time\" content=\"2025-02-10T11:02:40+00:00\" \/>\n<meta property=\"article:modified_time\" content=\"2025-02-10T11:14:53+00:00\" \/>\n<meta property=\"og:image\" content=\"https:\/\/forcadell.com\/wp-content\/uploads\/2025\/02\/forcadell-asesora-melcombe.jpg\" \/>\n\t<meta property=\"og:image:width\" content=\"800\" \/>\n\t<meta property=\"og:image:height\" content=\"450\" \/>\n\t<meta property=\"og:image:type\" content=\"image\/jpeg\" \/>\n<meta name=\"author\" content=\"Laura Baeza\" \/>\n<meta name=\"twitter:card\" content=\"summary_large_image\" \/>\n<meta name=\"twitter:label1\" content=\"Escrit per\" \/>\n\t<meta name=\"twitter:data1\" content=\"Laura Baeza\" \/>\n\t<meta name=\"twitter:label2\" content=\"Temps estimat de lectura\" \/>\n\t<meta name=\"twitter:data2\" content=\"3 minuts\" \/>\n<!-- \/ Yoast SEO plugin. -->","yoast_head_json":{"title":"FORCADELL assessora Melcombe Partners I FORCADELL","description":"Melcombe Partners, gestora d\u2019inversions i actius immobiliaris, ha adquirit una nau log\u00edstica a El Prat, assessorada per FORCADELL.","robots":{"index":"index","follow":"follow","max-snippet":"max-snippet:-1","max-image-preview":"max-image-preview:large","max-video-preview":"max-video-preview:-1"},"canonical":"https:\/\/forcadell.com\/ca\/forcadell-assessora-melcombe-partners-en-ladquisicio-duna-nau-logistica-a-el-prat-de-llobregat\/","og_locale":"ca_ES","og_type":"article","og_title":"FORCADELL assessora Melcombe Partners I FORCADELL","og_description":"Melcombe Partners, gestora d\u2019inversions i actius immobiliaris, ha adquirit una nau log\u00edstica a El Prat, assessorada per FORCADELL.","og_url":"https:\/\/forcadell.com\/ca\/forcadell-assessora-melcombe-partners-en-ladquisicio-duna-nau-logistica-a-el-prat-de-llobregat\/","og_site_name":"Forcadell","article_published_time":"2025-02-10T11:02:40+00:00","article_modified_time":"2025-02-10T11:14:53+00:00","og_image":[{"width":800,"height":450,"url":"https:\/\/forcadell.com\/wp-content\/uploads\/2025\/02\/forcadell-asesora-melcombe.jpg","type":"image\/jpeg"}],"author":"Laura Baeza","twitter_card":"summary_large_image","twitter_misc":{"Escrit per":"Laura Baeza","Temps estimat de lectura":"3 minuts"},"schema":{"@context":"https:\/\/schema.org","@graph":[{"@type":"WebPage","@id":"https:\/\/forcadell.com\/ca\/forcadell-assessora-melcombe-partners-en-ladquisicio-duna-nau-logistica-a-el-prat-de-llobregat\/","url":"https:\/\/forcadell.com\/ca\/forcadell-assessora-melcombe-partners-en-ladquisicio-duna-nau-logistica-a-el-prat-de-llobregat\/","name":"FORCADELL assessora Melcombe Partners I FORCADELL","isPartOf":{"@id":"https:\/\/forcadell.com\/ca\/#website"},"primaryImageOfPage":{"@id":"https:\/\/forcadell.com\/ca\/forcadell-assessora-melcombe-partners-en-ladquisicio-duna-nau-logistica-a-el-prat-de-llobregat\/#primaryimage"},"image":{"@id":"https:\/\/forcadell.com\/ca\/forcadell-assessora-melcombe-partners-en-ladquisicio-duna-nau-logistica-a-el-prat-de-llobregat\/#primaryimage"},"thumbnailUrl":"https:\/\/forcadell.com\/wp-content\/uploads\/2025\/02\/forcadell-asesora-melcombe.jpg","datePublished":"2025-02-10T11:02:40+00:00","dateModified":"2025-02-10T11:14:53+00:00","author":{"@id":"https:\/\/forcadell.com\/ca\/#\/schema\/person\/195289f3de90044b04388d6b8d593102"},"description":"Melcombe Partners, gestora d\u2019inversions i actius immobiliaris, ha adquirit una nau log\u00edstica a El Prat, assessorada per FORCADELL.","breadcrumb":{"@id":"https:\/\/forcadell.com\/ca\/forcadell-assessora-melcombe-partners-en-ladquisicio-duna-nau-logistica-a-el-prat-de-llobregat\/#breadcrumb"},"inLanguage":"ca","potentialAction":[{"@type":"ReadAction","target":["https:\/\/forcadell.com\/ca\/forcadell-assessora-melcombe-partners-en-ladquisicio-duna-nau-logistica-a-el-prat-de-llobregat\/"]}]},{"@type":"ImageObject","inLanguage":"ca","@id":"https:\/\/forcadell.com\/ca\/forcadell-assessora-melcombe-partners-en-ladquisicio-duna-nau-logistica-a-el-prat-de-llobregat\/#primaryimage","url":"https:\/\/forcadell.com\/wp-content\/uploads\/2025\/02\/forcadell-asesora-melcombe.jpg","contentUrl":"https:\/\/forcadell.com\/wp-content\/uploads\/2025\/02\/forcadell-asesora-melcombe.jpg","width":800,"height":450},{"@type":"BreadcrumbList","@id":"https:\/\/forcadell.com\/ca\/forcadell-assessora-melcombe-partners-en-ladquisicio-duna-nau-logistica-a-el-prat-de-llobregat\/#breadcrumb","itemListElement":[{"@type":"ListItem","position":1,"name":"Portada","item":"https:\/\/forcadell.com\/ca\/"},{"@type":"ListItem","position":2,"name":"FORCADELL assessora Melcombe Partners en l&#8217;adquisici\u00f3 d&#8217;una nau log\u00edstica a El Prat de Llobregat"}]},{"@type":"WebSite","@id":"https:\/\/forcadell.com\/ca\/#website","url":"https:\/\/forcadell.com\/ca\/","name":"Forcadell","description":"Inmobiliaria Barcelona | Consultores inmobiliarios","potentialAction":[{"@type":"SearchAction","target":{"@type":"EntryPoint","urlTemplate":"https:\/\/forcadell.com\/ca\/?s={search_term_string}"},"query-input":{"@type":"PropertyValueSpecification","valueRequired":true,"valueName":"search_term_string"}}],"inLanguage":"ca"},{"@type":"Person","@id":"https:\/\/forcadell.com\/ca\/#\/schema\/person\/195289f3de90044b04388d6b8d593102","name":"Laura Baeza","image":{"@type":"ImageObject","inLanguage":"ca","@id":"https:\/\/forcadell.com\/ca\/#\/schema\/person\/image\/","url":"https:\/\/secure.gravatar.com\/avatar\/f776a8db29b293eef4cb88d77f9b0100?s=96&d=mm&r=g","contentUrl":"https:\/\/secure.gravatar.com\/avatar\/f776a8db29b293eef4cb88d77f9b0100?s=96&d=mm&r=g","caption":"Laura Baeza"}}]}},"_links":{"self":[{"href":"https:\/\/forcadell.com\/ca\/wp-json\/wp\/v2\/posts\/30521"}],"collection":[{"href":"https:\/\/forcadell.com\/ca\/wp-json\/wp\/v2\/posts"}],"about":[{"href":"https:\/\/forcadell.com\/ca\/wp-json\/wp\/v2\/types\/post"}],"author":[{"embeddable":true,"href":"https:\/\/forcadell.com\/ca\/wp-json\/wp\/v2\/users\/8"}],"replies":[{"embeddable":true,"href":"https:\/\/forcadell.com\/ca\/wp-json\/wp\/v2\/comments?post=30521"}],"version-history":[{"count":4,"href":"https:\/\/forcadell.com\/ca\/wp-json\/wp\/v2\/posts\/30521\/revisions"}],"predecessor-version":[{"id":30603,"href":"https:\/\/forcadell.com\/ca\/wp-json\/wp\/v2\/posts\/30521\/revisions\/30603"}],"wp:featuredmedia":[{"embeddable":true,"href":"https:\/\/forcadell.com\/ca\/wp-json\/wp\/v2\/media\/30572"}],"wp:attachment":[{"href":"https:\/\/forcadell.com\/ca\/wp-json\/wp\/v2\/media?parent=30521"}],"wp:term":[{"taxonomy":"category","embeddable":true,"href":"https:\/\/forcadell.com\/ca\/wp-json\/wp\/v2\/categories?post=30521"},{"taxonomy":"post_tag","embeddable":true,"href":"https:\/\/forcadell.com\/ca\/wp-json\/wp\/v2\/tags?post=30521"}],"curies":[{"name":"wp","href":"https:\/\/api.w.org\/{rel}","templated":true}]}}