{"id":29666,"date":"2025-01-27T13:09:38","date_gmt":"2025-01-27T11:09:38","guid":{"rendered":"https:\/\/www.forcadell.com\/?p=29666"},"modified":"2025-01-27T14:31:01","modified_gmt":"2025-01-27T12:31:01","slug":"forcadell-assessora-osapiens-en-el-lloguer-dun-edifici-doficines-de-2-313-m%c2%b2-a-madrid","status":"publish","type":"post","link":"https:\/\/forcadell.com\/ca\/forcadell-assessora-osapiens-en-el-lloguer-dun-edifici-doficines-de-2-313-m%c2%b2-a-madrid\/","title":{"rendered":"FORCADELL assessora osapiens en el lloguer d\u2019un edifici d\u2019oficines de 2.313 m\u00b2 a Madrid"},"content":{"rendered":"<div class=\"o-container GenericStyles\">\n<p>FORCADELL ha assessorat osapiens, la startup tecnol\u00f2gica especialitzada en solucions de sostenibilitat, en el lloguer d\u2019un <strong>exclusiu edifici d\u2019oficines a Madrid<\/strong>, una operaci\u00f3 que refor\u00e7a l\u2019aposta d\u2019aquesta empresa pel mercat espanyol. L\u2019operaci\u00f3 ha comptat amb Knight Frank com a agent exclusivista.<\/p>\n<\/div>\n\n<div class=\"o-container GenericStyles\">\n<p>L\u2019edifici on s\u2019instal\u00b7lar\u00e0 la tecnol\u00f2gica compta amb un<strong> disseny inspirat en \u00e0rees urbanes ic\u00f2niques<\/strong> com Shoreditch (Londres) i Meatpacking (Nova York) i ofereix <strong>2.313 m\u00b2 d\u2019espai flexible i adaptat a les necessitats i formes de treball actuals<\/strong>. Amb plantes di\u00e0fanes i finestrals de sostre a terra, l\u2019immoble permet una gran entrada de llum natural, creant un ambient de treball confortable. A m\u00e9s, compta amb un ampli jard\u00ed a l\u2019entrada, cosa que afavoreix la possibilitat de crear espais de treball m\u00e9s flexibles i col\u00b7laboratius.<\/p>\n<\/div>\n\n<div class=\"o-container GenericStyles\">\n<h2 class=\"wp-block-heading\">Espais corporatius dissenyats per afavorir la productivitat i el benestar<\/h2>\n<\/div>\n\n<div class=\"o-container GenericStyles\">\n<p>Situat en <strong>una de les zones de m\u00e9s creixement i demanda de Madrid<\/strong>, l\u2019immoble gaudeix d\u2019una excel\u00b7lent connectivitat, amb acc\u00e9s proper a estacions de metro com Atocha, M\u00e9ndez \u00c1lvaro i Delicias, aix\u00ed com a l\u2019estaci\u00f3 de tren de Puerta de Atocha, principal node de comunicaci\u00f3 de la capital.<\/p>\n<\/div>\n\n<div class=\"o-container GenericStyles\">\n<p>En aquest sentit, Manel de Bes, director del <a href=\"https:\/\/www.forcadell.com\/ca\/oficines-coworking\/\" target=\"_blank\" rel=\"noreferrer noopener\">departament d\u2019Oficines de FORCADELL<\/a>, ha destacat com \u201coperacions com aquesta reflecteixen el <strong>creixent inter\u00e8s de les empreses per ubicacions que ofereixin espais de treball flexibles, moderns i ben comunicats<\/strong>, centrats en el benestar dels seus equips, per afavorir la productivitat i el creixement a llarg termini.\u201d<\/p>\n<\/div>\n\n<div class=\"o-container GenericStyles\">\n<p>Alberto Zamora, CEO <a href=\"https:\/\/osapiens.com\/\" target=\"_blank\" rel=\"noreferrer noopener\">d\u2019osapiens<\/a>, diu: \u201c<strong>El trasllat a la nostra nova seu a Madrid \u00e9s una prova del r\u00e0pid creixement d\u2019osapiens i de la nostra forta pres\u00e8ncia a Espanya<\/strong>. A mesura que ampliem les nostres operacions, aquest espai modern i col\u00b7laboratiu ens permetr\u00e0 ajudar millor els nostres clients a fer front als seus reptes ESG i impulsar l\u2019impacte sostenible.\u201d<\/p>\n<\/div>\n\n<div class=\"o-container GenericStyles\">\n<h2 class=\"wp-block-heading\">osapiens, solucions per al compliment de les regulacions internacionals ESG<\/h2>\n<\/div>\n\n<div class=\"o-container GenericStyles\">\n<p>Cofundada a Alemanya el 2018 per l\u2019emprenedor espanyol Alberto Zamora, aquesta <em>startup<\/em> va escollir el 2024 <strong>Espanya com un dels primers pa\u00efsos on operar fora del territori alemany<\/strong>.<\/p>\n<\/div>\n\n<div class=\"o-container GenericStyles\">\n<p>A trav\u00e9s de la seva plataforma tecnol\u00f2gica basada en el n\u00favol,<strong> osapiens HUB<\/strong>, la firma ajuda les empreses en el compliment de les regulacions internacionals ESG i en la presentaci\u00f3 d\u2019informes de sostenibilitat. La plataforma ja inclou 20 solucions, entre elles la CSRD (Directiva de Responsabilitat Social Corporativa), l\u2019EUDR (Reglament de Deforestaci\u00f3 de la UE), el CCF (Petjada de Carboni Corporativa), el CBAM (Mecanisme d\u2019Ajust a la Frontera pel Carboni) i la NIS 2 (Directiva de Ciberseguretat).<\/p>\n<\/div>","protected":false},"excerpt":{"rendered":"<p>L\u2019edifici on s\u2019instal\u00b7lar\u00e0 la tecnol\u00f2gica ofereix un espai flexible i adaptat a les necessitats i formes de treball actuals.<\/p>\n","protected":false},"author":8,"featured_media":29662,"comment_status":"closed","ping_status":"open","sticky":false,"template":"","format":"standard","meta":{"_acf_changed":false,"footnotes":""},"categories":[77],"tags":[],"class_list":["post-29666","post","type-post","status-publish","format-standard","has-post-thumbnail","hentry","category-corporatiu"],"acf":[],"yoast_head":"<!-- This site is optimized with the Yoast SEO plugin v25.6 - https:\/\/yoast.com\/wordpress\/plugins\/seo\/ -->\n<title>FORCADELL assessora osapiens I FORCADELL<\/title>\n<meta name=\"description\" content=\"FORCADELL ha assessorat osapiens en el lloguer d\u2019un exclusiu edifici d\u2019oficines de 2.313 metres quadrats a Madrid.\" \/>\n<meta name=\"robots\" content=\"index, follow, max-snippet:-1, max-image-preview:large, max-video-preview:-1\" \/>\n<link rel=\"canonical\" href=\"https:\/\/forcadell.com\/ca\/forcadell-assessora-osapiens-en-el-lloguer-dun-edifici-doficines-de-2-313-m%c2%b2-a-madrid\/\" \/>\n<meta property=\"og:locale\" content=\"ca_ES\" \/>\n<meta property=\"og:type\" content=\"article\" \/>\n<meta property=\"og:title\" content=\"FORCADELL assessora osapiens I FORCADELL\" \/>\n<meta property=\"og:description\" content=\"FORCADELL ha assessorat osapiens en el lloguer d\u2019un exclusiu edifici d\u2019oficines de 2.313 metres quadrats a Madrid.\" \/>\n<meta property=\"og:url\" content=\"https:\/\/forcadell.com\/ca\/forcadell-assessora-osapiens-en-el-lloguer-dun-edifici-doficines-de-2-313-m%c2%b2-a-madrid\/\" \/>\n<meta property=\"og:site_name\" content=\"Forcadell\" \/>\n<meta property=\"article:published_time\" content=\"2025-01-27T11:09:38+00:00\" \/>\n<meta property=\"article:modified_time\" content=\"2025-01-27T12:31:01+00:00\" \/>\n<meta property=\"og:image\" content=\"https:\/\/forcadell.com\/wp-content\/uploads\/2025\/01\/forcadell-asesora-osapiens-alquiler-oficinas.jpg\" \/>\n\t<meta property=\"og:image:width\" content=\"940\" \/>\n\t<meta property=\"og:image:height\" content=\"667\" \/>\n\t<meta property=\"og:image:type\" content=\"image\/jpeg\" \/>\n<meta name=\"author\" content=\"Laura Baeza\" \/>\n<meta name=\"twitter:card\" content=\"summary_large_image\" \/>\n<meta name=\"twitter:label1\" content=\"Escrit per\" \/>\n\t<meta name=\"twitter:data1\" content=\"Laura Baeza\" \/>\n\t<meta name=\"twitter:label2\" content=\"Temps estimat de lectura\" \/>\n\t<meta name=\"twitter:data2\" content=\"3 minuts\" \/>\n<!-- \/ Yoast SEO plugin. -->","yoast_head_json":{"title":"FORCADELL assessora osapiens I FORCADELL","description":"FORCADELL ha assessorat osapiens en el lloguer d\u2019un exclusiu edifici d\u2019oficines de 2.313 metres quadrats a Madrid.","robots":{"index":"index","follow":"follow","max-snippet":"max-snippet:-1","max-image-preview":"max-image-preview:large","max-video-preview":"max-video-preview:-1"},"canonical":"https:\/\/forcadell.com\/ca\/forcadell-assessora-osapiens-en-el-lloguer-dun-edifici-doficines-de-2-313-m%c2%b2-a-madrid\/","og_locale":"ca_ES","og_type":"article","og_title":"FORCADELL assessora osapiens I FORCADELL","og_description":"FORCADELL ha assessorat osapiens en el lloguer d\u2019un exclusiu edifici d\u2019oficines de 2.313 metres quadrats a Madrid.","og_url":"https:\/\/forcadell.com\/ca\/forcadell-assessora-osapiens-en-el-lloguer-dun-edifici-doficines-de-2-313-m%c2%b2-a-madrid\/","og_site_name":"Forcadell","article_published_time":"2025-01-27T11:09:38+00:00","article_modified_time":"2025-01-27T12:31:01+00:00","og_image":[{"width":940,"height":667,"url":"https:\/\/forcadell.com\/wp-content\/uploads\/2025\/01\/forcadell-asesora-osapiens-alquiler-oficinas.jpg","type":"image\/jpeg"}],"author":"Laura Baeza","twitter_card":"summary_large_image","twitter_misc":{"Escrit per":"Laura Baeza","Temps estimat de lectura":"3 minuts"},"schema":{"@context":"https:\/\/schema.org","@graph":[{"@type":"WebPage","@id":"https:\/\/forcadell.com\/ca\/forcadell-assessora-osapiens-en-el-lloguer-dun-edifici-doficines-de-2-313-m%c2%b2-a-madrid\/","url":"https:\/\/forcadell.com\/ca\/forcadell-assessora-osapiens-en-el-lloguer-dun-edifici-doficines-de-2-313-m%c2%b2-a-madrid\/","name":"FORCADELL assessora osapiens I FORCADELL","isPartOf":{"@id":"https:\/\/forcadell.com\/ca\/#website"},"primaryImageOfPage":{"@id":"https:\/\/forcadell.com\/ca\/forcadell-assessora-osapiens-en-el-lloguer-dun-edifici-doficines-de-2-313-m%c2%b2-a-madrid\/#primaryimage"},"image":{"@id":"https:\/\/forcadell.com\/ca\/forcadell-assessora-osapiens-en-el-lloguer-dun-edifici-doficines-de-2-313-m%c2%b2-a-madrid\/#primaryimage"},"thumbnailUrl":"https:\/\/forcadell.com\/wp-content\/uploads\/2025\/01\/forcadell-asesora-osapiens-alquiler-oficinas.jpg","datePublished":"2025-01-27T11:09:38+00:00","dateModified":"2025-01-27T12:31:01+00:00","author":{"@id":"https:\/\/forcadell.com\/ca\/#\/schema\/person\/195289f3de90044b04388d6b8d593102"},"description":"FORCADELL ha assessorat osapiens en el lloguer d\u2019un exclusiu edifici d\u2019oficines de 2.313 metres quadrats a Madrid.","breadcrumb":{"@id":"https:\/\/forcadell.com\/ca\/forcadell-assessora-osapiens-en-el-lloguer-dun-edifici-doficines-de-2-313-m%c2%b2-a-madrid\/#breadcrumb"},"inLanguage":"ca","potentialAction":[{"@type":"ReadAction","target":["https:\/\/forcadell.com\/ca\/forcadell-assessora-osapiens-en-el-lloguer-dun-edifici-doficines-de-2-313-m%c2%b2-a-madrid\/"]}]},{"@type":"ImageObject","inLanguage":"ca","@id":"https:\/\/forcadell.com\/ca\/forcadell-assessora-osapiens-en-el-lloguer-dun-edifici-doficines-de-2-313-m%c2%b2-a-madrid\/#primaryimage","url":"https:\/\/forcadell.com\/wp-content\/uploads\/2025\/01\/forcadell-asesora-osapiens-alquiler-oficinas.jpg","contentUrl":"https:\/\/forcadell.com\/wp-content\/uploads\/2025\/01\/forcadell-asesora-osapiens-alquiler-oficinas.jpg","width":940,"height":667},{"@type":"BreadcrumbList","@id":"https:\/\/forcadell.com\/ca\/forcadell-assessora-osapiens-en-el-lloguer-dun-edifici-doficines-de-2-313-m%c2%b2-a-madrid\/#breadcrumb","itemListElement":[{"@type":"ListItem","position":1,"name":"Portada","item":"https:\/\/forcadell.com\/ca\/"},{"@type":"ListItem","position":2,"name":"FORCADELL assessora osapiens en el lloguer d\u2019un edifici d\u2019oficines de 2.313 m\u00b2 a Madrid"}]},{"@type":"WebSite","@id":"https:\/\/forcadell.com\/ca\/#website","url":"https:\/\/forcadell.com\/ca\/","name":"Forcadell","description":"Inmobiliaria Barcelona | Consultores inmobiliarios","potentialAction":[{"@type":"SearchAction","target":{"@type":"EntryPoint","urlTemplate":"https:\/\/forcadell.com\/ca\/?s={search_term_string}"},"query-input":{"@type":"PropertyValueSpecification","valueRequired":true,"valueName":"search_term_string"}}],"inLanguage":"ca"},{"@type":"Person","@id":"https:\/\/forcadell.com\/ca\/#\/schema\/person\/195289f3de90044b04388d6b8d593102","name":"Laura Baeza","image":{"@type":"ImageObject","inLanguage":"ca","@id":"https:\/\/forcadell.com\/ca\/#\/schema\/person\/image\/","url":"https:\/\/secure.gravatar.com\/avatar\/f776a8db29b293eef4cb88d77f9b0100?s=96&d=mm&r=g","contentUrl":"https:\/\/secure.gravatar.com\/avatar\/f776a8db29b293eef4cb88d77f9b0100?s=96&d=mm&r=g","caption":"Laura Baeza"}}]}},"_links":{"self":[{"href":"https:\/\/forcadell.com\/ca\/wp-json\/wp\/v2\/posts\/29666"}],"collection":[{"href":"https:\/\/forcadell.com\/ca\/wp-json\/wp\/v2\/posts"}],"about":[{"href":"https:\/\/forcadell.com\/ca\/wp-json\/wp\/v2\/types\/post"}],"author":[{"embeddable":true,"href":"https:\/\/forcadell.com\/ca\/wp-json\/wp\/v2\/users\/8"}],"replies":[{"embeddable":true,"href":"https:\/\/forcadell.com\/ca\/wp-json\/wp\/v2\/comments?post=29666"}],"version-history":[{"count":6,"href":"https:\/\/forcadell.com\/ca\/wp-json\/wp\/v2\/posts\/29666\/revisions"}],"predecessor-version":[{"id":29695,"href":"https:\/\/forcadell.com\/ca\/wp-json\/wp\/v2\/posts\/29666\/revisions\/29695"}],"wp:featuredmedia":[{"embeddable":true,"href":"https:\/\/forcadell.com\/ca\/wp-json\/wp\/v2\/media\/29662"}],"wp:attachment":[{"href":"https:\/\/forcadell.com\/ca\/wp-json\/wp\/v2\/media?parent=29666"}],"wp:term":[{"taxonomy":"category","embeddable":true,"href":"https:\/\/forcadell.com\/ca\/wp-json\/wp\/v2\/categories?post=29666"},{"taxonomy":"post_tag","embeddable":true,"href":"https:\/\/forcadell.com\/ca\/wp-json\/wp\/v2\/tags?post=29666"}],"curies":[{"name":"wp","href":"https:\/\/api.w.org\/{rel}","templated":true}]}}