{"id":29031,"date":"2025-01-15T13:22:54","date_gmt":"2025-01-15T11:22:54","guid":{"rendered":"https:\/\/www.forcadell.com\/?p=29031"},"modified":"2025-04-09T14:21:34","modified_gmt":"2025-04-09T12:21:34","slug":"la-contractacio-immologistica-interanual-a-catalunya-es-duplica-en-el-q4-de-2024","status":"publish","type":"post","link":"https:\/\/forcadell.com\/ca\/la-contractacio-immologistica-interanual-a-catalunya-es-duplica-en-el-q4-de-2024\/","title":{"rendered":"La contractaci\u00f3 immolog\u00edstica interanual a Catalunya es duplica en el Q4 de 2024"},"content":{"rendered":"<div class=\"o-container GenericStyles\">\n<p><strong>El inmolog\u00edstico catal\u00e1n ha alcanzado los 227.156 m\u00b2 de superficie contratada<\/strong> en 24 operaciones durante el cuarto trimestre de 2024, lo que <strong>dobla el <em>take up<\/em> del mismo per\u00edodo del a\u00f1o anterior<\/strong>, con un aumento del 100%, seg\u00fan se\u00f1ala el <strong>informe presentado por FORCADELL.<\/strong><\/p>\n<\/div><div class=\"o-container GenericStyles\">\n<p>Por zonas, <strong>la 2\u00aa Corona ha acogido el mayor volumen de la contrataci\u00f3n inmolog\u00edstica con 155.302 m\u00b2<\/strong>\u00a0 (68% del total) en 15 operaciones; seguida de la 3\u00aa Corona con 42.708 m\u00b2 (19% del total) en 3 operaciones. Por su parte, la 1\u00aa Corona ha registrado 6 operaciones y 29.146 m\u00b2 (13% del total).<\/p>\n<\/div><div class=\"o-container GenericStyles\">\n<p>De acuerdo con Gerard Plana, director del<a href=\"https:\/\/www.forcadell.com\/inmobiliaria-industrial\/\" target=\"_blank\" rel=\"noreferrer noopener\"> <strong>departamento Industrial &#8211; Log\u00edstica de FORCADELL<\/strong><\/a>, esta evoluci\u00f3n en la contrataci\u00f3n \u201cconfirma la tendencia de cambio iniciada en el trimestre anterior, con una <strong>clara recuperaci\u00f3n del mercado inmolog\u00edstico<\/strong>\u201d.<\/p>\n<\/div><div class=\"o-container GenericStyles\">\n<p>En relaci\u00f3n al <strong>balance anual de 2024, el <em>take up<\/em> catal\u00e1n se ha situado en 724.846 m\u00b2<\/strong> contratados, un 43% m\u00e1s que el 2023. Como destaca el informe de FORCADELL, este dato, mucho mejor de lo que se preve\u00eda al comenzar el a\u00f1o, convierte <strong>2024 en el tercer mejor a\u00f1o desde que se dispone de datos<\/strong>. Por zonas, la 2\u00aa Corona ha registrado mayor contrataci\u00f3n inmolog\u00edstica acogiendo el 48% del total, seguida de la 3\u00aa Corona (35%) y la 1\u00aa Corona (17%).<\/p>\n<\/div><div class=\"o-container GenericStyles\">\n<p>Esta evoluci\u00f3n positiva viene acompa\u00f1ada de otros datos destacados. Seg\u00fan el director de FORCADELL, \u201c<strong>la absorci\u00f3n de nuevos metros cuadrados sigue siendo muy fuerte<\/strong>, con un 41% de la contrataci\u00f3n correspondiente a naves de nueva construcci\u00f3n o proyectos llave en mano durante el Q4\u201d. En el global anual, este porcentaje asciende al 58%, con un total de 421.874 m\u00b2 de stock nuevo contratados en 2024.<\/p>\n<\/div><div class=\"o-container GenericStyles\">\n<h2 class=\"wp-block-heading\">La inversi\u00f3n mantiene firme el inter\u00e9s en el mercado catal\u00e1n<\/h2>\n<\/div><div class=\"o-container GenericStyles\">\n<p>El informe de FORCADELL tambi\u00e9n destaca el <strong>s\u00f3lido atractivo del inmolog\u00edstico catal\u00e1n para los inversores<\/strong>, evidenciado en operaciones del \u00faltimo trimestre como la compra de 38.000 m\u00b2 por parte de Freo y Pictet en Esparreguera (2\u00aa Corona), la venta de una nave a reformar en el Prat de Llobregat para reposici\u00f3n, o la adquisici\u00f3n de Tritax por parte de Brookfield, que incluye el centro de distribuci\u00f3n de Mango en Lli\u00e7\u00e0 d&#8217;Amunt, entre otras.<\/p>\n<\/div><div class=\"o-container GenericStyles\">\n<p><strong>En relaci\u00f3n a las rentas, estas se mantienen estables,<\/strong> y <strong>no se prev\u00e9n aumentos significativos<\/strong> m\u00e1s all\u00e1 de los que ya est\u00e1n establecidos en los precios de oferta de los proyectos en fase de construcci\u00f3n o desarrollo. Como indica este an\u00e1lisis, el<strong> buen ritmo de absorci\u00f3n de metros cuadrados<\/strong>, hace que no se esperen correcciones a corto plazo.<\/p>\n<\/div>\n<div class=\"wp-block-buttons is-layout-flex wp-block-buttons-is-layout-flex\"><div class=\"o-container GenericStyles\">\n<div class=\"wp-block-button is-style-fill-icon\"><a class=\"wp-block-button__link wp-element-button\" href=\"https:\/\/www.forcadell.com\/informes\/\" target=\"_blank\" rel=\"noreferrer noopener\">Descarregar informe<\/a><\/div>\n<\/div><\/div>\n","protected":false},"excerpt":{"rendered":"<p>L\u2019immolog\u00edstic catal\u00e0 ha assolit els 227.156 m\u00b2 de superf\u00edcie contractada durant el quart trimestre de 2024, cosa que dobla el take up del mateix per\u00edode de l\u2019any anterior, segons l\u2019informe de FORCADELL.<\/p>\n","protected":false},"author":8,"featured_media":29017,"comment_status":"closed","ping_status":"open","sticky":false,"template":"","format":"standard","meta":{"_acf_changed":false,"footnotes":""},"categories":[75],"tags":[],"class_list":["post-29031","post","type-post","status-publish","format-standard","has-post-thumbnail","hentry","category-actualitat-de-mercat"],"acf":[],"yoast_head":"<!-- This site is optimized with the Yoast SEO plugin v25.6 - https:\/\/yoast.com\/wordpress\/plugins\/seo\/ -->\n<title>Contractaci\u00f3 immolog\u00edstica a Catalunya Q4 2024 | FORCADELL<\/title>\n<meta name=\"description\" content=\"La contractaci\u00f3 immolog\u00edstica a Catalunya assoleix els 227.156 m\u00b2 de superf\u00edcie al Q4 de 2024, el doble que el mateix per\u00edode de 2023.\" \/>\n<meta name=\"robots\" content=\"index, follow, max-snippet:-1, max-image-preview:large, max-video-preview:-1\" \/>\n<link rel=\"canonical\" href=\"https:\/\/forcadell.com\/ca\/la-contractacio-immologistica-interanual-a-catalunya-es-duplica-en-el-q4-de-2024\/\" \/>\n<meta property=\"og:locale\" content=\"ca_ES\" \/>\n<meta property=\"og:type\" content=\"article\" \/>\n<meta property=\"og:title\" content=\"Contractaci\u00f3 immolog\u00edstica a Catalunya Q4 2024 | FORCADELL\" \/>\n<meta property=\"og:description\" content=\"La contractaci\u00f3 immolog\u00edstica a Catalunya assoleix els 227.156 m\u00b2 de superf\u00edcie al Q4 de 2024, el doble que el mateix per\u00edode de 2023.\" \/>\n<meta property=\"og:url\" content=\"https:\/\/forcadell.com\/ca\/la-contractacio-immologistica-interanual-a-catalunya-es-duplica-en-el-q4-de-2024\/\" \/>\n<meta property=\"og:site_name\" content=\"Forcadell\" \/>\n<meta property=\"article:published_time\" content=\"2025-01-15T11:22:54+00:00\" \/>\n<meta property=\"article:modified_time\" content=\"2025-04-09T12:21:34+00:00\" \/>\n<meta property=\"og:image\" content=\"https:\/\/forcadell.com\/wp-content\/uploads\/2025\/01\/forcadell-contratacion-inmologistica-q42024.jpg\" \/>\n\t<meta property=\"og:image:width\" content=\"2560\" \/>\n\t<meta property=\"og:image:height\" content=\"1440\" \/>\n\t<meta property=\"og:image:type\" content=\"image\/jpeg\" \/>\n<meta name=\"author\" content=\"Laura Baeza\" \/>\n<meta name=\"twitter:card\" content=\"summary_large_image\" \/>\n<meta name=\"twitter:label1\" content=\"Escrit per\" \/>\n\t<meta name=\"twitter:data1\" content=\"Laura Baeza\" \/>\n\t<meta name=\"twitter:label2\" content=\"Temps estimat de lectura\" \/>\n\t<meta name=\"twitter:data2\" content=\"3 minuts\" \/>\n<!-- \/ Yoast SEO plugin. -->","yoast_head_json":{"title":"Contractaci\u00f3 immolog\u00edstica a Catalunya Q4 2024 | FORCADELL","description":"La contractaci\u00f3 immolog\u00edstica a Catalunya assoleix els 227.156 m\u00b2 de superf\u00edcie al Q4 de 2024, el doble que el mateix per\u00edode de 2023.","robots":{"index":"index","follow":"follow","max-snippet":"max-snippet:-1","max-image-preview":"max-image-preview:large","max-video-preview":"max-video-preview:-1"},"canonical":"https:\/\/forcadell.com\/ca\/la-contractacio-immologistica-interanual-a-catalunya-es-duplica-en-el-q4-de-2024\/","og_locale":"ca_ES","og_type":"article","og_title":"Contractaci\u00f3 immolog\u00edstica a Catalunya Q4 2024 | FORCADELL","og_description":"La contractaci\u00f3 immolog\u00edstica a Catalunya assoleix els 227.156 m\u00b2 de superf\u00edcie al Q4 de 2024, el doble que el mateix per\u00edode de 2023.","og_url":"https:\/\/forcadell.com\/ca\/la-contractacio-immologistica-interanual-a-catalunya-es-duplica-en-el-q4-de-2024\/","og_site_name":"Forcadell","article_published_time":"2025-01-15T11:22:54+00:00","article_modified_time":"2025-04-09T12:21:34+00:00","og_image":[{"width":2560,"height":1440,"url":"https:\/\/forcadell.com\/wp-content\/uploads\/2025\/01\/forcadell-contratacion-inmologistica-q42024.jpg","type":"image\/jpeg"}],"author":"Laura Baeza","twitter_card":"summary_large_image","twitter_misc":{"Escrit per":"Laura Baeza","Temps estimat de lectura":"3 minuts"},"schema":{"@context":"https:\/\/schema.org","@graph":[{"@type":"WebPage","@id":"https:\/\/forcadell.com\/ca\/la-contractacio-immologistica-interanual-a-catalunya-es-duplica-en-el-q4-de-2024\/","url":"https:\/\/forcadell.com\/ca\/la-contractacio-immologistica-interanual-a-catalunya-es-duplica-en-el-q4-de-2024\/","name":"Contractaci\u00f3 immolog\u00edstica a Catalunya Q4 2024 | FORCADELL","isPartOf":{"@id":"https:\/\/forcadell.com\/ca\/#website"},"primaryImageOfPage":{"@id":"https:\/\/forcadell.com\/ca\/la-contractacio-immologistica-interanual-a-catalunya-es-duplica-en-el-q4-de-2024\/#primaryimage"},"image":{"@id":"https:\/\/forcadell.com\/ca\/la-contractacio-immologistica-interanual-a-catalunya-es-duplica-en-el-q4-de-2024\/#primaryimage"},"thumbnailUrl":"https:\/\/forcadell.com\/wp-content\/uploads\/2025\/01\/forcadell-contratacion-inmologistica-q42024.jpg","datePublished":"2025-01-15T11:22:54+00:00","dateModified":"2025-04-09T12:21:34+00:00","author":{"@id":"https:\/\/forcadell.com\/ca\/#\/schema\/person\/195289f3de90044b04388d6b8d593102"},"description":"La contractaci\u00f3 immolog\u00edstica a Catalunya assoleix els 227.156 m\u00b2 de superf\u00edcie al Q4 de 2024, el doble que el mateix per\u00edode de 2023.","breadcrumb":{"@id":"https:\/\/forcadell.com\/ca\/la-contractacio-immologistica-interanual-a-catalunya-es-duplica-en-el-q4-de-2024\/#breadcrumb"},"inLanguage":"ca","potentialAction":[{"@type":"ReadAction","target":["https:\/\/forcadell.com\/ca\/la-contractacio-immologistica-interanual-a-catalunya-es-duplica-en-el-q4-de-2024\/"]}]},{"@type":"ImageObject","inLanguage":"ca","@id":"https:\/\/forcadell.com\/ca\/la-contractacio-immologistica-interanual-a-catalunya-es-duplica-en-el-q4-de-2024\/#primaryimage","url":"https:\/\/forcadell.com\/wp-content\/uploads\/2025\/01\/forcadell-contratacion-inmologistica-q42024.jpg","contentUrl":"https:\/\/forcadell.com\/wp-content\/uploads\/2025\/01\/forcadell-contratacion-inmologistica-q42024.jpg","width":2560,"height":1440},{"@type":"BreadcrumbList","@id":"https:\/\/forcadell.com\/ca\/la-contractacio-immologistica-interanual-a-catalunya-es-duplica-en-el-q4-de-2024\/#breadcrumb","itemListElement":[{"@type":"ListItem","position":1,"name":"Portada","item":"https:\/\/forcadell.com\/ca\/"},{"@type":"ListItem","position":2,"name":"La contractaci\u00f3 immolog\u00edstica interanual a Catalunya es duplica en el Q4 de 2024"}]},{"@type":"WebSite","@id":"https:\/\/forcadell.com\/ca\/#website","url":"https:\/\/forcadell.com\/ca\/","name":"Forcadell","description":"Inmobiliaria Barcelona | Consultores inmobiliarios","potentialAction":[{"@type":"SearchAction","target":{"@type":"EntryPoint","urlTemplate":"https:\/\/forcadell.com\/ca\/?s={search_term_string}"},"query-input":{"@type":"PropertyValueSpecification","valueRequired":true,"valueName":"search_term_string"}}],"inLanguage":"ca"},{"@type":"Person","@id":"https:\/\/forcadell.com\/ca\/#\/schema\/person\/195289f3de90044b04388d6b8d593102","name":"Laura Baeza","image":{"@type":"ImageObject","inLanguage":"ca","@id":"https:\/\/forcadell.com\/ca\/#\/schema\/person\/image\/","url":"https:\/\/secure.gravatar.com\/avatar\/f776a8db29b293eef4cb88d77f9b0100?s=96&d=mm&r=g","contentUrl":"https:\/\/secure.gravatar.com\/avatar\/f776a8db29b293eef4cb88d77f9b0100?s=96&d=mm&r=g","caption":"Laura Baeza"}}]}},"_links":{"self":[{"href":"https:\/\/forcadell.com\/ca\/wp-json\/wp\/v2\/posts\/29031"}],"collection":[{"href":"https:\/\/forcadell.com\/ca\/wp-json\/wp\/v2\/posts"}],"about":[{"href":"https:\/\/forcadell.com\/ca\/wp-json\/wp\/v2\/types\/post"}],"author":[{"embeddable":true,"href":"https:\/\/forcadell.com\/ca\/wp-json\/wp\/v2\/users\/8"}],"replies":[{"embeddable":true,"href":"https:\/\/forcadell.com\/ca\/wp-json\/wp\/v2\/comments?post=29031"}],"version-history":[{"count":6,"href":"https:\/\/forcadell.com\/ca\/wp-json\/wp\/v2\/posts\/29031\/revisions"}],"predecessor-version":[{"id":32998,"href":"https:\/\/forcadell.com\/ca\/wp-json\/wp\/v2\/posts\/29031\/revisions\/32998"}],"wp:featuredmedia":[{"embeddable":true,"href":"https:\/\/forcadell.com\/ca\/wp-json\/wp\/v2\/media\/29017"}],"wp:attachment":[{"href":"https:\/\/forcadell.com\/ca\/wp-json\/wp\/v2\/media?parent=29031"}],"wp:term":[{"taxonomy":"category","embeddable":true,"href":"https:\/\/forcadell.com\/ca\/wp-json\/wp\/v2\/categories?post=29031"},{"taxonomy":"post_tag","embeddable":true,"href":"https:\/\/forcadell.com\/ca\/wp-json\/wp\/v2\/tags?post=29031"}],"curies":[{"name":"wp","href":"https:\/\/api.w.org\/{rel}","templated":true}]}}