{"id":26766,"date":"2024-12-18T13:28:26","date_gmt":"2024-12-18T11:28:26","guid":{"rendered":"https:\/\/www.forcadell.com\/?p=26766"},"modified":"2024-12-18T13:28:28","modified_gmt":"2024-12-18T11:28:28","slug":"els-5-articles-mes-llegits-del-2024-al-blog-de-forcadell","status":"publish","type":"post","link":"https:\/\/forcadell.com\/ca\/els-5-articles-mes-llegits-del-2024-al-blog-de-forcadell\/","title":{"rendered":"Els 5 articles m\u00e9s llegits del 2024 al blog de FORCADELL"},"content":{"rendered":"<div class=\"o-container GenericStyles\">\n<p>A punt d\u2019acabar l\u2019any, aquest article repassa els 5 articles que han generat m\u00e9s inter\u00e8s entre els lectors del blog de FORCADELL.<\/p>\n<\/div>\n\n<div class=\"o-container GenericStyles\">\n<h2 class=\"wp-block-heading\">1. L\u2019inmolog\u00edstic catal\u00e0 arriba als 255.498 m\u00b2 en el millor Q3 dels darrers anys<\/h2>\n<\/div>\n\n<div class=\"o-container GenericStyles\">\n<p>Aquest article recull l\u2019an\u00e0lisi del tercer trimestre de l\u2019inmolog\u00edstic catal\u00e0, en qu\u00e8 es van contractar 255.498 m\u00b2, mostrant l\u2019impuls del mercat i les bones previsions de tancament de l\u2019any 2024 per al sector. <strong><a href=\"https:\/\/www.forcadell.com\/ca\/limmologistic-catala-tanca-el-q3-amb-255-498-m%c2%b2-contractats\/\" target=\"_blank\" rel=\"noreferrer noopener\">LLEGIR M\u00c9S<\/a>.<\/strong><\/p>\n<\/div>\n\n<div class=\"o-container GenericStyles\">\n<figure class=\"wp-block-image size-large\"><img loading=\"lazy\" decoding=\"async\" width=\"896\" height=\"636\" src=\"https:\/\/www.forcadell.com\/wp-content\/uploads\/2024\/12\/forcadell-articles-llegits1.png\" alt=\"\" class=\"wp-image-26767\" srcset=\"https:\/\/forcadell.com\/wp-content\/uploads\/2024\/12\/forcadell-articles-llegits1.png 896w, https:\/\/forcadell.com\/wp-content\/uploads\/2024\/12\/forcadell-articles-llegits1-549x390.png 549w\" sizes=\"(max-width: 896px) 100vw, 896px\" \/><\/figure>\n<\/div>\n\n<div class=\"o-container GenericStyles\">\n<h2 class=\"wp-block-heading\">2. El 2025 ser\u00e0 un any inoblidable per al mercat residencial de compra<\/h2>\n<\/div>\n\n<div class=\"o-container GenericStyles\">\n<p>FORCADELL i la Universitat de Barcelona van presentar les principals conclusions i perspectives de l\u2019Informe del Mercat Immobiliari, Actualitat i Perspectives 2024. <strong><a href=\"https:\/\/www.forcadell.com\/ca\/2025-sera-un-any-inoblidable-per-al-mercat-residencial-de-venda\/\" target=\"_blank\" rel=\"noreferrer noopener\">LLEGIR M\u00c9S<\/a>.<\/strong><\/p>\n<\/div>\n\n<div class=\"o-container GenericStyles\">\n<figure class=\"wp-block-image size-large\"><img loading=\"lazy\" decoding=\"async\" width=\"896\" height=\"636\" src=\"https:\/\/www.forcadell.com\/wp-content\/uploads\/2024\/12\/forcadell-articles-llegits2.png\" alt=\"\" class=\"wp-image-26770\" srcset=\"https:\/\/forcadell.com\/wp-content\/uploads\/2024\/12\/forcadell-articles-llegits2.png 896w, https:\/\/forcadell.com\/wp-content\/uploads\/2024\/12\/forcadell-articles-llegits2-549x390.png 549w\" sizes=\"(max-width: 896px) 100vw, 896px\" \/><\/figure>\n<\/div>\n\n<div class=\"o-container GenericStyles\">\n<h2 class=\"wp-block-heading\">3. El model comercial de Barcelona<\/h2>\n<\/div>\n\n<div class=\"o-container GenericStyles\">\n<p>Experts de FORCADELL ofereixen una fotografia detallada del mercat de locals comercials a Barcelona, que actualment presenta una situaci\u00f3 bona, estable, en creixement i totalment recuperada de la sacsejada de la pand\u00e8mia. Un per\u00edode en el que els locals comercials han demostrat una gran resili\u00e8ncia i despr\u00e9s del qual tornen a situar-se al radar inversor. <strong><a href=\"https:\/\/www.forcadell.com\/ca\/el-model-comercial-de-barcelona\/\" target=\"_blank\" rel=\"noreferrer noopener\">LLEGIR M\u00c9S<\/a>.<\/strong><\/p>\n<\/div>\n\n<div class=\"o-container GenericStyles\">\n<figure class=\"wp-block-image size-large\"><img loading=\"lazy\" decoding=\"async\" width=\"896\" height=\"636\" src=\"https:\/\/www.forcadell.com\/wp-content\/uploads\/2024\/12\/forcadell-articles-llegits3.png\" alt=\"\" class=\"wp-image-26773\" srcset=\"https:\/\/forcadell.com\/wp-content\/uploads\/2024\/12\/forcadell-articles-llegits3.png 896w, https:\/\/forcadell.com\/wp-content\/uploads\/2024\/12\/forcadell-articles-llegits3-549x390.png 549w\" sizes=\"(max-width: 896px) 100vw, 896px\" \/><\/figure>\n<\/div>\n\n<div class=\"o-container GenericStyles\">\n<h2 class=\"wp-block-heading\">4. Consulti les noves mesures de seguretat que haur\u00e0 de tenir l&#8217;ascensor de la seva comunitat de propietaris<\/h2>\n<\/div>\n\n<div class=\"o-container GenericStyles\">\n<p>El Consell de Ministres va aprovar a l\u2019abril la Instrucci\u00f3 T\u00e8cnica Complement\u00e0ria (ITC) sobre la posada en servei, modificaci\u00f3, manteniment i inspecci\u00f3 dels ascensors. El post, un dels 5 articles m\u00e9s llegits el 2024, explica les novetats en les mesures de seguretat dels ascensors de les comunitats de propietaris que van entrar en vigor despr\u00e9s d\u2019aquesta aprovaci\u00f3. <strong><a href=\"https:\/\/www.forcadell.com\/ca\/consulta-les-noves-mesures-de-seguretat-que-haura-de-tenir-lascensor-de-la-teva-comunitat-de-propietaris\/\" target=\"_blank\" rel=\"noreferrer noopener\">LLEGIR M\u00c9S<\/a>.<\/strong><\/p>\n<\/div>\n\n<div class=\"o-container GenericStyles\">\n<figure class=\"wp-block-image size-large\"><img loading=\"lazy\" decoding=\"async\" width=\"896\" height=\"636\" src=\"https:\/\/www.forcadell.com\/wp-content\/uploads\/2024\/12\/forcadell-articles-llegits4.png\" alt=\"\" class=\"wp-image-26776\" srcset=\"https:\/\/forcadell.com\/wp-content\/uploads\/2024\/12\/forcadell-articles-llegits4.png 896w, https:\/\/forcadell.com\/wp-content\/uploads\/2024\/12\/forcadell-articles-llegits4-549x390.png 549w\" sizes=\"(max-width: 896px) 100vw, 896px\" \/><\/figure>\n<\/div>\n\n<div class=\"o-container GenericStyles\">\n<h2 class=\"wp-block-heading\">5. Com saber el preu de lloguer d\u2019un habitatge?<\/h2>\n<\/div>\n\n<div class=\"o-container GenericStyles\">\n<p>Despr\u00e9s de l\u2019aprovaci\u00f3 de l\u2019\u00cdndex de preus de refer\u00e8ncia de lloguer, que limita els lloguers a les zones declarades \u201ctensionades\u201d i afecta propietaris i inquilins, aquest article del blog de FORCADELL explica com saber el preu d\u2019un habitatge en base a aquest \u00edndex. <strong><a href=\"https:\/\/www.forcadell.com\/ca\/com-puc-saber-el-preu-del-lloguer-dun-habitatge\/\" target=\"_blank\" rel=\"noreferrer noopener\">LLEGIR M\u00c9S<\/a>.<\/strong><\/p>\n<\/div>\n\n<div class=\"o-container GenericStyles\">\n<figure class=\"wp-block-image size-large\"><img loading=\"lazy\" decoding=\"async\" width=\"640\" height=\"420\" src=\"https:\/\/www.forcadell.com\/wp-content\/uploads\/2024\/12\/forcadell-articles-llegits5.jpg\" alt=\"\" class=\"wp-image-26784\" srcset=\"https:\/\/forcadell.com\/wp-content\/uploads\/2024\/12\/forcadell-articles-llegits5.jpg 640w, https:\/\/forcadell.com\/wp-content\/uploads\/2024\/12\/forcadell-articles-llegits5-549x360.jpg 549w\" sizes=\"(max-width: 640px) 100vw, 640px\" \/><\/figure>\n<\/div>","protected":false},"excerpt":{"rendered":"<p>A punt d\u2019acabar l\u2019any, aquest post repassa els 5 articles que han generat m\u00e9s inter\u00e8s entre els lectors del blog de FORCADELL.<\/p>\n","protected":false},"author":8,"featured_media":26779,"comment_status":"closed","ping_status":"open","sticky":false,"template":"","format":"standard","meta":{"_acf_changed":false,"footnotes":""},"categories":[77],"tags":[],"class_list":["post-26766","post","type-post","status-publish","format-standard","has-post-thumbnail","hentry","category-corporatiu"],"acf":[],"yoast_head":"<!-- This site is optimized with the Yoast SEO plugin v25.6 - https:\/\/yoast.com\/wordpress\/plugins\/seo\/ -->\n<title>Els 5 articles m\u00e9s llegits de 2024 I FORCADELL<\/title>\n<meta name=\"description\" content=\"A punt d\u2019acabar l\u2019any, aquest post repassa els 5 articles que han generat m\u00e9s inter\u00e8s entre els lectors del blog de FORCADELL.\" \/>\n<meta name=\"robots\" content=\"index, follow, max-snippet:-1, max-image-preview:large, max-video-preview:-1\" \/>\n<link rel=\"canonical\" href=\"https:\/\/forcadell.com\/ca\/els-5-articles-mes-llegits-del-2024-al-blog-de-forcadell\/\" \/>\n<meta property=\"og:locale\" content=\"ca_ES\" \/>\n<meta property=\"og:type\" content=\"article\" \/>\n<meta property=\"og:title\" content=\"Els 5 articles m\u00e9s llegits de 2024 I FORCADELL\" \/>\n<meta property=\"og:description\" content=\"A punt d\u2019acabar l\u2019any, aquest post repassa els 5 articles que han generat m\u00e9s inter\u00e8s entre els lectors del blog de FORCADELL.\" \/>\n<meta property=\"og:url\" content=\"https:\/\/forcadell.com\/ca\/els-5-articles-mes-llegits-del-2024-al-blog-de-forcadell\/\" \/>\n<meta property=\"og:site_name\" content=\"Forcadell\" \/>\n<meta property=\"article:published_time\" content=\"2024-12-18T11:28:26+00:00\" \/>\n<meta property=\"article:modified_time\" content=\"2024-12-18T11:28:28+00:00\" \/>\n<meta property=\"og:image\" content=\"https:\/\/forcadell.com\/wp-content\/uploads\/2024\/12\/forcadell-articles-llegits-4-1360x636.png\" \/>\n\t<meta property=\"og:image:width\" content=\"1360\" \/>\n\t<meta property=\"og:image:height\" content=\"636\" \/>\n\t<meta property=\"og:image:type\" content=\"image\/png\" \/>\n<meta name=\"author\" content=\"Laura Baeza\" \/>\n<meta name=\"twitter:card\" content=\"summary_large_image\" \/>\n<meta name=\"twitter:label1\" content=\"Escrit per\" \/>\n\t<meta name=\"twitter:data1\" content=\"Laura Baeza\" \/>\n\t<meta name=\"twitter:label2\" content=\"Temps estimat de lectura\" \/>\n\t<meta name=\"twitter:data2\" content=\"3 minuts\" \/>\n<!-- \/ Yoast SEO plugin. -->","yoast_head_json":{"title":"Els 5 articles m\u00e9s llegits de 2024 I FORCADELL","description":"A punt d\u2019acabar l\u2019any, aquest post repassa els 5 articles que han generat m\u00e9s inter\u00e8s entre els lectors del blog de FORCADELL.","robots":{"index":"index","follow":"follow","max-snippet":"max-snippet:-1","max-image-preview":"max-image-preview:large","max-video-preview":"max-video-preview:-1"},"canonical":"https:\/\/forcadell.com\/ca\/els-5-articles-mes-llegits-del-2024-al-blog-de-forcadell\/","og_locale":"ca_ES","og_type":"article","og_title":"Els 5 articles m\u00e9s llegits de 2024 I FORCADELL","og_description":"A punt d\u2019acabar l\u2019any, aquest post repassa els 5 articles que han generat m\u00e9s inter\u00e8s entre els lectors del blog de FORCADELL.","og_url":"https:\/\/forcadell.com\/ca\/els-5-articles-mes-llegits-del-2024-al-blog-de-forcadell\/","og_site_name":"Forcadell","article_published_time":"2024-12-18T11:28:26+00:00","article_modified_time":"2024-12-18T11:28:28+00:00","og_image":[{"width":1360,"height":636,"url":"https:\/\/forcadell.com\/wp-content\/uploads\/2024\/12\/forcadell-articles-llegits-4-1360x636.png","type":"image\/png"}],"author":"Laura Baeza","twitter_card":"summary_large_image","twitter_misc":{"Escrit per":"Laura Baeza","Temps estimat de lectura":"3 minuts"},"schema":{"@context":"https:\/\/schema.org","@graph":[{"@type":"WebPage","@id":"https:\/\/forcadell.com\/ca\/els-5-articles-mes-llegits-del-2024-al-blog-de-forcadell\/","url":"https:\/\/forcadell.com\/ca\/els-5-articles-mes-llegits-del-2024-al-blog-de-forcadell\/","name":"Els 5 articles m\u00e9s llegits de 2024 I FORCADELL","isPartOf":{"@id":"https:\/\/forcadell.com\/ca\/#website"},"primaryImageOfPage":{"@id":"https:\/\/forcadell.com\/ca\/els-5-articles-mes-llegits-del-2024-al-blog-de-forcadell\/#primaryimage"},"image":{"@id":"https:\/\/forcadell.com\/ca\/els-5-articles-mes-llegits-del-2024-al-blog-de-forcadell\/#primaryimage"},"thumbnailUrl":"https:\/\/forcadell.com\/wp-content\/uploads\/2024\/12\/forcadell-articles-llegits-4.png","datePublished":"2024-12-18T11:28:26+00:00","dateModified":"2024-12-18T11:28:28+00:00","author":{"@id":"https:\/\/forcadell.com\/ca\/#\/schema\/person\/195289f3de90044b04388d6b8d593102"},"description":"A punt d\u2019acabar l\u2019any, aquest post repassa els 5 articles que han generat m\u00e9s inter\u00e8s entre els lectors del blog de FORCADELL.","breadcrumb":{"@id":"https:\/\/forcadell.com\/ca\/els-5-articles-mes-llegits-del-2024-al-blog-de-forcadell\/#breadcrumb"},"inLanguage":"ca","potentialAction":[{"@type":"ReadAction","target":["https:\/\/forcadell.com\/ca\/els-5-articles-mes-llegits-del-2024-al-blog-de-forcadell\/"]}]},{"@type":"ImageObject","inLanguage":"ca","@id":"https:\/\/forcadell.com\/ca\/els-5-articles-mes-llegits-del-2024-al-blog-de-forcadell\/#primaryimage","url":"https:\/\/forcadell.com\/wp-content\/uploads\/2024\/12\/forcadell-articles-llegits-4.png","contentUrl":"https:\/\/forcadell.com\/wp-content\/uploads\/2024\/12\/forcadell-articles-llegits-4.png","width":5000,"height":3337},{"@type":"BreadcrumbList","@id":"https:\/\/forcadell.com\/ca\/els-5-articles-mes-llegits-del-2024-al-blog-de-forcadell\/#breadcrumb","itemListElement":[{"@type":"ListItem","position":1,"name":"Portada","item":"https:\/\/forcadell.com\/ca\/"},{"@type":"ListItem","position":2,"name":"Els 5 articles m\u00e9s llegits del 2024 al blog de FORCADELL"}]},{"@type":"WebSite","@id":"https:\/\/forcadell.com\/ca\/#website","url":"https:\/\/forcadell.com\/ca\/","name":"Forcadell","description":"Inmobiliaria Barcelona | Consultores inmobiliarios","potentialAction":[{"@type":"SearchAction","target":{"@type":"EntryPoint","urlTemplate":"https:\/\/forcadell.com\/ca\/?s={search_term_string}"},"query-input":{"@type":"PropertyValueSpecification","valueRequired":true,"valueName":"search_term_string"}}],"inLanguage":"ca"},{"@type":"Person","@id":"https:\/\/forcadell.com\/ca\/#\/schema\/person\/195289f3de90044b04388d6b8d593102","name":"Laura Baeza","image":{"@type":"ImageObject","inLanguage":"ca","@id":"https:\/\/forcadell.com\/ca\/#\/schema\/person\/image\/","url":"https:\/\/secure.gravatar.com\/avatar\/f776a8db29b293eef4cb88d77f9b0100?s=96&d=mm&r=g","contentUrl":"https:\/\/secure.gravatar.com\/avatar\/f776a8db29b293eef4cb88d77f9b0100?s=96&d=mm&r=g","caption":"Laura Baeza"}}]}},"_links":{"self":[{"href":"https:\/\/forcadell.com\/ca\/wp-json\/wp\/v2\/posts\/26766"}],"collection":[{"href":"https:\/\/forcadell.com\/ca\/wp-json\/wp\/v2\/posts"}],"about":[{"href":"https:\/\/forcadell.com\/ca\/wp-json\/wp\/v2\/types\/post"}],"author":[{"embeddable":true,"href":"https:\/\/forcadell.com\/ca\/wp-json\/wp\/v2\/users\/8"}],"replies":[{"embeddable":true,"href":"https:\/\/forcadell.com\/ca\/wp-json\/wp\/v2\/comments?post=26766"}],"version-history":[{"count":4,"href":"https:\/\/forcadell.com\/ca\/wp-json\/wp\/v2\/posts\/26766\/revisions"}],"predecessor-version":[{"id":26793,"href":"https:\/\/forcadell.com\/ca\/wp-json\/wp\/v2\/posts\/26766\/revisions\/26793"}],"wp:featuredmedia":[{"embeddable":true,"href":"https:\/\/forcadell.com\/ca\/wp-json\/wp\/v2\/media\/26779"}],"wp:attachment":[{"href":"https:\/\/forcadell.com\/ca\/wp-json\/wp\/v2\/media?parent=26766"}],"wp:term":[{"taxonomy":"category","embeddable":true,"href":"https:\/\/forcadell.com\/ca\/wp-json\/wp\/v2\/categories?post=26766"},{"taxonomy":"post_tag","embeddable":true,"href":"https:\/\/forcadell.com\/ca\/wp-json\/wp\/v2\/tags?post=26766"}],"curies":[{"name":"wp","href":"https:\/\/api.w.org\/{rel}","templated":true}]}}