{"id":26713,"date":"2024-12-12T12:33:11","date_gmt":"2024-12-12T10:33:11","guid":{"rendered":"https:\/\/www.forcadell.com\/?p=26713"},"modified":"2024-12-13T10:39:42","modified_gmt":"2024-12-13T08:39:42","slug":"forcadell-assessora-a-excelentes-market-en-el-lloguer-duna-plataforma-logistica-dultima-generacio-a-getafe","status":"publish","type":"post","link":"https:\/\/forcadell.com\/ca\/forcadell-assessora-a-excelentes-market-en-el-lloguer-duna-plataforma-logistica-dultima-generacio-a-getafe\/","title":{"rendered":"FORCADELL assessora a Excelentes Market en el lloguer d\u2019una plataforma log\u00edstica d\u2019\u00faltima generaci\u00f3 a Getafe"},"content":{"rendered":"<div class=\"o-container GenericStyles\">\n<p><strong><a href=\"https:\/\/www.forcadell.com\/ca\/immobiliaria-industrial\/\" target=\"_blank\" rel=\"noreferrer noopener\">FORCADELL<\/a> ha assessorat <\/strong>a<strong> l&#8217;empresa Excelentes Market<\/strong> en el lloguer d&#8217;una <strong>nau log\u00edstica de 10.100 m\u00b2 a Getafe<\/strong>, propietat de Mileway, companyia immobili\u00e0ria paneuropea especialitzada en log\u00edstica d&#8217;\u00faltima milla.<\/p>\n<\/div>\n\n<div class=\"o-container GenericStyles\">\n<p>La nova instal\u00b7laci\u00f3 permetr\u00e0 a Excelentes Market, dedicada a la distribuci\u00f3 d&#8217;articles d&#8217;\u00fas dom\u00e8stic, optimitzar la seva operativa gr\u00e0cies a una <strong>ubicaci\u00f3 estrat\u00e8gica a menys de 20 km del centre de Madrid<\/strong>. La plataforma log\u00edstica compta amb <strong>acc\u00e9s directe a importants vies de comunicaci\u00f3<\/strong>, com la M50, la R4 i l&#8217;A4, a m\u00e9s de disposar d&#8217;excel\u00b7lents connexions de transport p\u00fablic amb la capital i els seus voltants.<\/p>\n<\/div>\n\n<div class=\"o-container GenericStyles\">\n<h2 class=\"wp-block-heading\">Capacitat per gestionar grans volums d&#8217;operacions<\/h2>\n<\/div>\n\n<div class=\"o-container GenericStyles\">\n<p>Aquesta plataforma log\u00edstica destaca pel seu <strong>disseny modern i la seva capacitat per gestionar grans volums d&#8217;operacions<\/strong>, integrant <strong>tecnologies sostenibles<\/strong> que contribueixen a reduir la petjada de carboni. Ubicada en una parcel\u00b7la de 23.300 m\u00b2, inclou <strong>8.700 m\u00b2 de magatzem amb sis molls de c\u00e0rrega<\/strong>, dues portes a nivell del s\u00f2l i una zona de maniobra de 30 metres de profunditat. A m\u00e9s, disposa de 1.300 m\u00b2 destinats a oficines i m\u00e9s de 100 places d&#8217;aparcament per a empleats i visitants.<\/p>\n<\/div>\n\n<div class=\"o-container GenericStyles\">\n<p>L&#8217;immoble tamb\u00e9 compta amb <strong>caracter\u00edstiques avan\u00e7ades en sostenibilitat<\/strong>, com ara il\u00b7luminaci\u00f3 natural optimitzada mitjan\u00e7ant claraboies, sistemes d&#8217;il\u00b7luminaci\u00f3 LED de baix consum, aix\u00ed com carregadors per a vehicles el\u00e8ctrics, ideals per fomentar entregues d&#8217;\u00faltima milla respectuoses amb el medi ambient. La parcel\u00b7la inclou 2.500 m\u00b2 de zones verdes, refor\u00e7ant el comprom\u00eds de <a href=\"https:\/\/mileway.com\/es\/\" target=\"_blank\" rel=\"noreferrer noopener\">Mileway<\/a> amb la sostenibilitat i el benestar als seus espais.<\/p>\n<\/div>\n\n<div class=\"o-container GenericStyles\">\n<p>Amb aquesta operaci\u00f3, <strong>Excelentes Market refor\u00e7a la seva capacitat log\u00edstica al mercat espanyol<\/strong>, recolzant-se en un <strong>espai capdavanter que combina efici\u00e8ncia operativa i respecte mediambiental<\/strong>.<\/p>\n<\/div>","protected":false},"excerpt":{"rendered":"<p>L&#8217;actiu compta amb una ubicaci\u00f3 estrat\u00e8gica, situant-se a 20 km del centre de la ciutat de Madrid.<\/p>\n","protected":false},"author":8,"featured_media":26826,"comment_status":"closed","ping_status":"open","sticky":false,"template":"","format":"standard","meta":{"_acf_changed":false,"footnotes":""},"categories":[77],"tags":[],"class_list":["post-26713","post","type-post","status-publish","format-standard","has-post-thumbnail","hentry","category-corporatiu"],"acf":[],"yoast_head":"<!-- This site is optimized with the Yoast SEO plugin v25.6 - https:\/\/yoast.com\/wordpress\/plugins\/seo\/ -->\n<title>FORCADELL assessora a Excelentes Market I FORCADELL<\/title>\n<meta name=\"description\" content=\"FORCADELL assessora a Excelentes Market en el lloguer d\u2019una plataforma log\u00edstica d\u2019\u00faltima generaci\u00f3 a Getafe.\" \/>\n<meta name=\"robots\" content=\"index, follow, max-snippet:-1, max-image-preview:large, max-video-preview:-1\" \/>\n<link rel=\"canonical\" href=\"https:\/\/forcadell.com\/ca\/forcadell-assessora-a-excelentes-market-en-el-lloguer-duna-plataforma-logistica-dultima-generacio-a-getafe\/\" \/>\n<meta property=\"og:locale\" content=\"ca_ES\" \/>\n<meta property=\"og:type\" content=\"article\" \/>\n<meta property=\"og:title\" content=\"FORCADELL assessora a Excelentes Market I FORCADELL\" \/>\n<meta property=\"og:description\" content=\"FORCADELL assessora a Excelentes Market en el lloguer d\u2019una plataforma log\u00edstica d\u2019\u00faltima generaci\u00f3 a Getafe.\" \/>\n<meta property=\"og:url\" content=\"https:\/\/forcadell.com\/ca\/forcadell-assessora-a-excelentes-market-en-el-lloguer-duna-plataforma-logistica-dultima-generacio-a-getafe\/\" \/>\n<meta property=\"og:site_name\" content=\"Forcadell\" \/>\n<meta property=\"article:published_time\" content=\"2024-12-12T10:33:11+00:00\" \/>\n<meta property=\"article:modified_time\" content=\"2024-12-13T08:39:42+00:00\" \/>\n<meta property=\"og:image\" content=\"https:\/\/forcadell.com\/wp-content\/uploads\/2024\/12\/forcadell-asesora-a-excelentes-market.png\" \/>\n\t<meta property=\"og:image:width\" content=\"1600\" \/>\n\t<meta property=\"og:image:height\" content=\"900\" \/>\n\t<meta property=\"og:image:type\" content=\"image\/png\" \/>\n<meta name=\"author\" content=\"Laura Baeza\" \/>\n<meta name=\"twitter:card\" content=\"summary_large_image\" \/>\n<meta name=\"twitter:label1\" content=\"Escrit per\" \/>\n\t<meta name=\"twitter:data1\" content=\"Laura Baeza\" \/>\n\t<meta name=\"twitter:label2\" content=\"Temps estimat de lectura\" \/>\n\t<meta name=\"twitter:data2\" content=\"2 minuts\" \/>\n<!-- \/ Yoast SEO plugin. -->","yoast_head_json":{"title":"FORCADELL assessora a Excelentes Market I FORCADELL","description":"FORCADELL assessora a Excelentes Market en el lloguer d\u2019una plataforma log\u00edstica d\u2019\u00faltima generaci\u00f3 a Getafe.","robots":{"index":"index","follow":"follow","max-snippet":"max-snippet:-1","max-image-preview":"max-image-preview:large","max-video-preview":"max-video-preview:-1"},"canonical":"https:\/\/forcadell.com\/ca\/forcadell-assessora-a-excelentes-market-en-el-lloguer-duna-plataforma-logistica-dultima-generacio-a-getafe\/","og_locale":"ca_ES","og_type":"article","og_title":"FORCADELL assessora a Excelentes Market I FORCADELL","og_description":"FORCADELL assessora a Excelentes Market en el lloguer d\u2019una plataforma log\u00edstica d\u2019\u00faltima generaci\u00f3 a Getafe.","og_url":"https:\/\/forcadell.com\/ca\/forcadell-assessora-a-excelentes-market-en-el-lloguer-duna-plataforma-logistica-dultima-generacio-a-getafe\/","og_site_name":"Forcadell","article_published_time":"2024-12-12T10:33:11+00:00","article_modified_time":"2024-12-13T08:39:42+00:00","og_image":[{"width":1600,"height":900,"url":"https:\/\/forcadell.com\/wp-content\/uploads\/2024\/12\/forcadell-asesora-a-excelentes-market.png","type":"image\/png"}],"author":"Laura Baeza","twitter_card":"summary_large_image","twitter_misc":{"Escrit per":"Laura Baeza","Temps estimat de lectura":"2 minuts"},"schema":{"@context":"https:\/\/schema.org","@graph":[{"@type":"WebPage","@id":"https:\/\/forcadell.com\/ca\/forcadell-assessora-a-excelentes-market-en-el-lloguer-duna-plataforma-logistica-dultima-generacio-a-getafe\/","url":"https:\/\/forcadell.com\/ca\/forcadell-assessora-a-excelentes-market-en-el-lloguer-duna-plataforma-logistica-dultima-generacio-a-getafe\/","name":"FORCADELL assessora a Excelentes Market I FORCADELL","isPartOf":{"@id":"https:\/\/forcadell.com\/ca\/#website"},"primaryImageOfPage":{"@id":"https:\/\/forcadell.com\/ca\/forcadell-assessora-a-excelentes-market-en-el-lloguer-duna-plataforma-logistica-dultima-generacio-a-getafe\/#primaryimage"},"image":{"@id":"https:\/\/forcadell.com\/ca\/forcadell-assessora-a-excelentes-market-en-el-lloguer-duna-plataforma-logistica-dultima-generacio-a-getafe\/#primaryimage"},"thumbnailUrl":"https:\/\/forcadell.com\/wp-content\/uploads\/2024\/12\/forcadell-asesora-a-excelentes-market.png","datePublished":"2024-12-12T10:33:11+00:00","dateModified":"2024-12-13T08:39:42+00:00","author":{"@id":"https:\/\/forcadell.com\/ca\/#\/schema\/person\/195289f3de90044b04388d6b8d593102"},"description":"FORCADELL assessora a Excelentes Market en el lloguer d\u2019una plataforma log\u00edstica d\u2019\u00faltima generaci\u00f3 a Getafe.","breadcrumb":{"@id":"https:\/\/forcadell.com\/ca\/forcadell-assessora-a-excelentes-market-en-el-lloguer-duna-plataforma-logistica-dultima-generacio-a-getafe\/#breadcrumb"},"inLanguage":"ca","potentialAction":[{"@type":"ReadAction","target":["https:\/\/forcadell.com\/ca\/forcadell-assessora-a-excelentes-market-en-el-lloguer-duna-plataforma-logistica-dultima-generacio-a-getafe\/"]}]},{"@type":"ImageObject","inLanguage":"ca","@id":"https:\/\/forcadell.com\/ca\/forcadell-assessora-a-excelentes-market-en-el-lloguer-duna-plataforma-logistica-dultima-generacio-a-getafe\/#primaryimage","url":"https:\/\/forcadell.com\/wp-content\/uploads\/2024\/12\/forcadell-asesora-a-excelentes-market.png","contentUrl":"https:\/\/forcadell.com\/wp-content\/uploads\/2024\/12\/forcadell-asesora-a-excelentes-market.png","width":1600,"height":900},{"@type":"BreadcrumbList","@id":"https:\/\/forcadell.com\/ca\/forcadell-assessora-a-excelentes-market-en-el-lloguer-duna-plataforma-logistica-dultima-generacio-a-getafe\/#breadcrumb","itemListElement":[{"@type":"ListItem","position":1,"name":"Portada","item":"https:\/\/forcadell.com\/ca\/"},{"@type":"ListItem","position":2,"name":"FORCADELL assessora a Excelentes Market en el lloguer d\u2019una plataforma log\u00edstica d\u2019\u00faltima generaci\u00f3 a Getafe"}]},{"@type":"WebSite","@id":"https:\/\/forcadell.com\/ca\/#website","url":"https:\/\/forcadell.com\/ca\/","name":"Forcadell","description":"Inmobiliaria Barcelona | Consultores inmobiliarios","potentialAction":[{"@type":"SearchAction","target":{"@type":"EntryPoint","urlTemplate":"https:\/\/forcadell.com\/ca\/?s={search_term_string}"},"query-input":{"@type":"PropertyValueSpecification","valueRequired":true,"valueName":"search_term_string"}}],"inLanguage":"ca"},{"@type":"Person","@id":"https:\/\/forcadell.com\/ca\/#\/schema\/person\/195289f3de90044b04388d6b8d593102","name":"Laura Baeza","image":{"@type":"ImageObject","inLanguage":"ca","@id":"https:\/\/forcadell.com\/ca\/#\/schema\/person\/image\/","url":"https:\/\/secure.gravatar.com\/avatar\/f776a8db29b293eef4cb88d77f9b0100?s=96&d=mm&r=g","contentUrl":"https:\/\/secure.gravatar.com\/avatar\/f776a8db29b293eef4cb88d77f9b0100?s=96&d=mm&r=g","caption":"Laura Baeza"}}]}},"_links":{"self":[{"href":"https:\/\/forcadell.com\/ca\/wp-json\/wp\/v2\/posts\/26713"}],"collection":[{"href":"https:\/\/forcadell.com\/ca\/wp-json\/wp\/v2\/posts"}],"about":[{"href":"https:\/\/forcadell.com\/ca\/wp-json\/wp\/v2\/types\/post"}],"author":[{"embeddable":true,"href":"https:\/\/forcadell.com\/ca\/wp-json\/wp\/v2\/users\/8"}],"replies":[{"embeddable":true,"href":"https:\/\/forcadell.com\/ca\/wp-json\/wp\/v2\/comments?post=26713"}],"version-history":[{"count":16,"href":"https:\/\/forcadell.com\/ca\/wp-json\/wp\/v2\/posts\/26713\/revisions"}],"predecessor-version":[{"id":26972,"href":"https:\/\/forcadell.com\/ca\/wp-json\/wp\/v2\/posts\/26713\/revisions\/26972"}],"wp:featuredmedia":[{"embeddable":true,"href":"https:\/\/forcadell.com\/ca\/wp-json\/wp\/v2\/media\/26826"}],"wp:attachment":[{"href":"https:\/\/forcadell.com\/ca\/wp-json\/wp\/v2\/media?parent=26713"}],"wp:term":[{"taxonomy":"category","embeddable":true,"href":"https:\/\/forcadell.com\/ca\/wp-json\/wp\/v2\/categories?post=26713"},{"taxonomy":"post_tag","embeddable":true,"href":"https:\/\/forcadell.com\/ca\/wp-json\/wp\/v2\/tags?post=26713"}],"curies":[{"name":"wp","href":"https:\/\/api.w.org\/{rel}","templated":true}]}}