{"id":26108,"date":"2024-12-10T11:41:00","date_gmt":"2024-12-10T09:41:00","guid":{"rendered":"https:\/\/www.forcadell.com\/?p=26108"},"modified":"2024-12-10T12:02:53","modified_gmt":"2024-12-10T10:02:53","slug":"forcadell-assessora-a-rauda-en-el-trasllat-de-la-seva-oficina-de-madrid","status":"publish","type":"post","link":"https:\/\/forcadell.com\/ca\/forcadell-assessora-a-rauda-en-el-trasllat-de-la-seva-oficina-de-madrid\/","title":{"rendered":"FORCADELL assessora a Rauda en el trasllat de la seva oficina de Madrid"},"content":{"rendered":"<div class=\"o-container GenericStyles\">\n<p>FORCADELL ha assessorat a <strong>Rauda ALSP, prove\u00efdor alternatiu de serveis legals de <a href=\"https:\/\/www.cuatrecasas.com\/es\/spain\/\" target=\"_blank\" rel=\"noreferrer noopener\">Cuatrecasas<\/a><\/strong> creat fa tres anys, en el trasllat de la seva oficina de Madrid al carrer Goya 22, al cor financer del barri de Salamanca, una de les zones m\u00e9s prestigioses de la ciutat. Aquest canvi respon al <strong>creixement sostingut de Rauda<\/strong> i a la necessitat de comptar amb instal\u00b7lacions que afavoreixin la innovaci\u00f3, la flexibilitat i el benestar del seu equip.<\/p>\n<\/div>\n\n<div class=\"o-container GenericStyles\">\n<p>Les noves instal\u00b7lacions, que compten amb una extensi\u00f3 de 620 metres quadrats, es troben en un <strong>exclusiu i avantguardista edifici d&#8217;oficines<\/strong> amb accessos adaptats, p\u00e0rquing i espais di\u00e0fans i lluminosos, equipats amb les \u00faltimes tecnologies pel que fa a il\u00b7luminaci\u00f3 i benestar per<strong> facilitar el treball, la conviv\u00e8ncia i la socialitzaci\u00f3 dels m\u00e9s de 50 empleats<\/strong> que ja exerceixen les seves funcions des d&#8217;aquesta nova seu.<\/p>\n<\/div>\n\n<div class=\"o-container GenericStyles\">\n<p>\u00abLa nova oficina ens permetr\u00e0 continuar amb <strong>l&#8217;estrat\u00e8gia de creixement i expansi\u00f3<\/strong> que hem tra\u00e7at, aix\u00ed com augmentar la capacitat i agilitat en la prestaci\u00f3 de serveis. Busquem oferir solucions m\u00e9s r\u00e0pides i precises\u00bb, destaca <strong>Pl\u00e1cido Molina, director de Rauda ALSP<\/strong>, sobre les noves instal\u00b7lacions.<\/p>\n<\/div>\n\n<div class=\"o-container GenericStyles\">\n<p>Per la seva banda, Manel de Bes, director del departament d&#8217;<a href=\"https:\/\/www.forcadell.com\/ca\/oficines-coworking\/\" target=\"_blank\" rel=\"noreferrer noopener\"><strong>Oficines de FORCADELL<\/strong><\/a>, destaca \u00abla satisfacci\u00f3 per haver acompanyat Rauda ALSP en aquest trasllat a unes instal\u00b7lacions i <strong>contribuir a que la companyia compti amb un nou espai que afavoreixi el seu desenvolupament i la productivitat<\/strong> del seu equip.\u00bb<\/p>\n<\/div>\n\n<div class=\"o-container GenericStyles\">\n<p><strong>Rauda compta amb un<\/strong> <strong>equip independent, multidisciplinari i altament qualificat<\/strong> que presta, en exclusiva, serveis a Cuatrecasas en l&#8217;\u00e0mbit Mercantil, Processal, Laboral, Fiscal, Concursal, P\u00fablic, Immobiliari i Transfer Pricing, amb tasques que van des de la preparaci\u00f3 de contractes, processos massius d&#8217;an\u00e0lisi documental i procediments civils i concursals de tot tipus, fins al tractament de dilig\u00e8ncies administratives i l&#8217;assessorament recurrent en mat\u00e8ria laboral.<\/p>\n<\/div>\n\n<div class=\"o-container GenericStyles\">\n<h2 class=\"wp-block-heading\"><strong>Sobre Rauda<\/strong><\/h2>\n<\/div>\n\n<div class=\"o-container GenericStyles\">\n<p>Rauda ALSP \u00e9s una <strong>revolucion\u00e0ria Alternative Legal Services Provider del grup Cuatrecasas<\/strong>, amb oficines a Madrid, Barcelona, Lisboa i Bogot\u00e0, que busca complementar els m\u00e8todes de treball tradicionals, fent de la tecnologia i la innovaci\u00f3 els seus vaixells ins\u00edgnia en el camp dels serveis legals. Compten amb un equip de professionals multidisciplinaris i altament especialitzats, entrenats en metodologies avan\u00e7ades de desenvolupament de projectes i en l&#8217;\u00fas d&#8217;eines de darrera generaci\u00f3 (IA, RPA, Big Data), que aporten valor afegit a qualsevol an\u00e0lisi legal en les diferents disciplines.<\/p>\n<\/div>\n\n<div class=\"o-container GenericStyles\">\n<h2 class=\"wp-block-heading\">Sobre Cuatrecasas<\/h2>\n<\/div>\n\n<div class=\"o-container GenericStyles\">\n<p>Cuatrecasas \u00e9s una <strong>firma d&#8217;advocats internacional amb focus a Espanya, Portugal i Am\u00e8rica Llatina, on t\u00e9 pres\u00e8ncia a Xile, Col\u00f2mbia, M\u00e8xic i Per\u00fa<\/strong>. Amb un equip multidisciplinari i divers de m\u00e9s de 1.900 professionals de 29 nacionalitats, cobreix totes les disciplines del dret d&#8217;empresa, aplicant coneixement i experi\u00e8ncia des d&#8217;una visi\u00f3 sectorial i enfocada a cada tipus de negoci. Disposa de 26 oficines en 12 pa\u00efsos i mant\u00e9, a m\u00e9s, una estreta col\u00b7laboraci\u00f3 amb firmes l\u00edders en altres jurisdiccions.<\/p>\n<\/div>","protected":false},"excerpt":{"rendered":"<p>FORCADELL assessora a Rauda, prove\u00efdor alternatiu de serveis legals de Cuatrecasas, en el trasllat de la seva oficina de Madrid.<\/p>\n","protected":false},"author":8,"featured_media":26105,"comment_status":"closed","ping_status":"open","sticky":false,"template":"","format":"standard","meta":{"_acf_changed":false,"footnotes":""},"categories":[77],"tags":[],"class_list":["post-26108","post","type-post","status-publish","format-standard","has-post-thumbnail","hentry","category-corporatiu"],"acf":[],"yoast_head":"<!-- This site is optimized with the Yoast SEO plugin v27.4 - https:\/\/yoast.com\/product\/yoast-seo-wordpress\/ -->\n<title>FORCADELL assessora a Rauda I FORCADELL<\/title>\n<meta name=\"description\" content=\"FORCADELL assessora a Rauda, prove\u00efdor alternatiu de serveis legals de Cuatrecasas, en el trasllat de la seva oficina de Madrid.\" \/>\n<meta name=\"robots\" content=\"index, follow, max-snippet:-1, max-image-preview:large, max-video-preview:-1\" \/>\n<link rel=\"canonical\" href=\"https:\/\/forcadell.com\/ca\/forcadell-assessora-a-rauda-en-el-trasllat-de-la-seva-oficina-de-madrid\/\" \/>\n<meta property=\"og:locale\" content=\"ca_ES\" \/>\n<meta property=\"og:type\" content=\"article\" \/>\n<meta property=\"og:title\" content=\"FORCADELL assessora a Rauda I FORCADELL\" \/>\n<meta property=\"og:description\" content=\"FORCADELL assessora a Rauda, prove\u00efdor alternatiu de serveis legals de Cuatrecasas, en el trasllat de la seva oficina de Madrid.\" \/>\n<meta property=\"og:url\" content=\"https:\/\/forcadell.com\/ca\/forcadell-assessora-a-rauda-en-el-trasllat-de-la-seva-oficina-de-madrid\/\" \/>\n<meta property=\"og:site_name\" content=\"Forcadell\" \/>\n<meta property=\"article:published_time\" content=\"2024-12-10T09:41:00+00:00\" \/>\n<meta property=\"article:modified_time\" content=\"2024-12-10T10:02:53+00:00\" \/>\n<meta property=\"og:image\" content=\"https:\/\/forcadell.com\/wp-content\/uploads\/2024\/12\/forcadell-rauda-oficina-madrid.jpg\" \/>\n\t<meta property=\"og:image:width\" content=\"784\" \/>\n\t<meta property=\"og:image:height\" content=\"610\" \/>\n\t<meta property=\"og:image:type\" content=\"image\/jpeg\" \/>\n<meta name=\"author\" content=\"Laura Baeza\" \/>\n<meta name=\"twitter:card\" content=\"summary_large_image\" \/>\n<meta name=\"twitter:label1\" content=\"Escrit per\" \/>\n\t<meta name=\"twitter:data1\" content=\"Laura Baeza\" \/>\n\t<meta name=\"twitter:label2\" content=\"Temps estimat de lectura\" \/>\n\t<meta name=\"twitter:data2\" content=\"3 minuts\" \/>\n<!-- \/ Yoast SEO plugin. -->","yoast_head_json":{"title":"FORCADELL assessora a Rauda I FORCADELL","description":"FORCADELL assessora a Rauda, prove\u00efdor alternatiu de serveis legals de Cuatrecasas, en el trasllat de la seva oficina de Madrid.","robots":{"index":"index","follow":"follow","max-snippet":"max-snippet:-1","max-image-preview":"max-image-preview:large","max-video-preview":"max-video-preview:-1"},"canonical":"https:\/\/forcadell.com\/ca\/forcadell-assessora-a-rauda-en-el-trasllat-de-la-seva-oficina-de-madrid\/","og_locale":"ca_ES","og_type":"article","og_title":"FORCADELL assessora a Rauda I FORCADELL","og_description":"FORCADELL assessora a Rauda, prove\u00efdor alternatiu de serveis legals de Cuatrecasas, en el trasllat de la seva oficina de Madrid.","og_url":"https:\/\/forcadell.com\/ca\/forcadell-assessora-a-rauda-en-el-trasllat-de-la-seva-oficina-de-madrid\/","og_site_name":"Forcadell","article_published_time":"2024-12-10T09:41:00+00:00","article_modified_time":"2024-12-10T10:02:53+00:00","og_image":[{"width":784,"height":610,"url":"https:\/\/forcadell.com\/wp-content\/uploads\/2024\/12\/forcadell-rauda-oficina-madrid.jpg","type":"image\/jpeg"}],"author":"Laura Baeza","twitter_card":"summary_large_image","twitter_misc":{"Escrit per":"Laura Baeza","Temps estimat de lectura":"3 minuts"},"schema":{"@context":"https:\/\/schema.org","@graph":[{"@type":"Article","@id":"https:\/\/forcadell.com\/ca\/forcadell-assessora-a-rauda-en-el-trasllat-de-la-seva-oficina-de-madrid\/#article","isPartOf":{"@id":"https:\/\/forcadell.com\/ca\/forcadell-assessora-a-rauda-en-el-trasllat-de-la-seva-oficina-de-madrid\/"},"author":{"name":"Laura Baeza","@id":"https:\/\/forcadell.com\/ca\/#\/schema\/person\/195289f3de90044b04388d6b8d593102"},"headline":"FORCADELL assessora a Rauda en el trasllat de la seva oficina de Madrid","datePublished":"2024-12-10T09:41:00+00:00","dateModified":"2024-12-10T10:02:53+00:00","mainEntityOfPage":{"@id":"https:\/\/forcadell.com\/ca\/forcadell-assessora-a-rauda-en-el-trasllat-de-la-seva-oficina-de-madrid\/"},"wordCount":519,"image":{"@id":"https:\/\/forcadell.com\/ca\/forcadell-assessora-a-rauda-en-el-trasllat-de-la-seva-oficina-de-madrid\/#primaryimage"},"thumbnailUrl":"https:\/\/forcadell.com\/wp-content\/uploads\/2024\/12\/forcadell-rauda-oficina-madrid.jpg","articleSection":["Corporatiu"],"inLanguage":"ca"},{"@type":"WebPage","@id":"https:\/\/forcadell.com\/ca\/forcadell-assessora-a-rauda-en-el-trasllat-de-la-seva-oficina-de-madrid\/","url":"https:\/\/forcadell.com\/ca\/forcadell-assessora-a-rauda-en-el-trasllat-de-la-seva-oficina-de-madrid\/","name":"FORCADELL assessora a Rauda I FORCADELL","isPartOf":{"@id":"https:\/\/forcadell.com\/ca\/#website"},"primaryImageOfPage":{"@id":"https:\/\/forcadell.com\/ca\/forcadell-assessora-a-rauda-en-el-trasllat-de-la-seva-oficina-de-madrid\/#primaryimage"},"image":{"@id":"https:\/\/forcadell.com\/ca\/forcadell-assessora-a-rauda-en-el-trasllat-de-la-seva-oficina-de-madrid\/#primaryimage"},"thumbnailUrl":"https:\/\/forcadell.com\/wp-content\/uploads\/2024\/12\/forcadell-rauda-oficina-madrid.jpg","datePublished":"2024-12-10T09:41:00+00:00","dateModified":"2024-12-10T10:02:53+00:00","author":{"@id":"https:\/\/forcadell.com\/ca\/#\/schema\/person\/195289f3de90044b04388d6b8d593102"},"description":"FORCADELL assessora a Rauda, prove\u00efdor alternatiu de serveis legals de Cuatrecasas, en el trasllat de la seva oficina de Madrid.","breadcrumb":{"@id":"https:\/\/forcadell.com\/ca\/forcadell-assessora-a-rauda-en-el-trasllat-de-la-seva-oficina-de-madrid\/#breadcrumb"},"inLanguage":"ca","potentialAction":[{"@type":"ReadAction","target":["https:\/\/forcadell.com\/ca\/forcadell-assessora-a-rauda-en-el-trasllat-de-la-seva-oficina-de-madrid\/"]}]},{"@type":"ImageObject","inLanguage":"ca","@id":"https:\/\/forcadell.com\/ca\/forcadell-assessora-a-rauda-en-el-trasllat-de-la-seva-oficina-de-madrid\/#primaryimage","url":"https:\/\/forcadell.com\/wp-content\/uploads\/2024\/12\/forcadell-rauda-oficina-madrid.jpg","contentUrl":"https:\/\/forcadell.com\/wp-content\/uploads\/2024\/12\/forcadell-rauda-oficina-madrid.jpg","width":784,"height":610},{"@type":"BreadcrumbList","@id":"https:\/\/forcadell.com\/ca\/forcadell-assessora-a-rauda-en-el-trasllat-de-la-seva-oficina-de-madrid\/#breadcrumb","itemListElement":[{"@type":"ListItem","position":1,"name":"Portada","item":"https:\/\/forcadell.com\/ca\/"},{"@type":"ListItem","position":2,"name":"FORCADELL assessora a Rauda en el trasllat de la seva oficina de Madrid"}]},{"@type":"WebSite","@id":"https:\/\/forcadell.com\/ca\/#website","url":"https:\/\/forcadell.com\/ca\/","name":"Forcadell","description":"Inmobiliaria Barcelona | Consultores inmobiliarios","potentialAction":[{"@type":"SearchAction","target":{"@type":"EntryPoint","urlTemplate":"https:\/\/forcadell.com\/ca\/?s={search_term_string}"},"query-input":{"@type":"PropertyValueSpecification","valueRequired":true,"valueName":"search_term_string"}}],"inLanguage":"ca"},{"@type":"Person","@id":"https:\/\/forcadell.com\/ca\/#\/schema\/person\/195289f3de90044b04388d6b8d593102","name":"Laura Baeza","image":{"@type":"ImageObject","inLanguage":"ca","@id":"https:\/\/secure.gravatar.com\/avatar\/dae84bf630893664fd2e2f313e4b8661d90f44cda6772336ee20c66ccdc18065?s=96&d=mm&r=g","url":"https:\/\/secure.gravatar.com\/avatar\/dae84bf630893664fd2e2f313e4b8661d90f44cda6772336ee20c66ccdc18065?s=96&d=mm&r=g","contentUrl":"https:\/\/secure.gravatar.com\/avatar\/dae84bf630893664fd2e2f313e4b8661d90f44cda6772336ee20c66ccdc18065?s=96&d=mm&r=g","caption":"Laura Baeza"}}]}},"_links":{"self":[{"href":"https:\/\/forcadell.com\/ca\/wp-json\/wp\/v2\/posts\/26108","targetHints":{"allow":["GET"]}}],"collection":[{"href":"https:\/\/forcadell.com\/ca\/wp-json\/wp\/v2\/posts"}],"about":[{"href":"https:\/\/forcadell.com\/ca\/wp-json\/wp\/v2\/types\/post"}],"author":[{"embeddable":true,"href":"https:\/\/forcadell.com\/ca\/wp-json\/wp\/v2\/users\/8"}],"replies":[{"embeddable":true,"href":"https:\/\/forcadell.com\/ca\/wp-json\/wp\/v2\/comments?post=26108"}],"version-history":[{"count":6,"href":"https:\/\/forcadell.com\/ca\/wp-json\/wp\/v2\/posts\/26108\/revisions"}],"predecessor-version":[{"id":26677,"href":"https:\/\/forcadell.com\/ca\/wp-json\/wp\/v2\/posts\/26108\/revisions\/26677"}],"wp:featuredmedia":[{"embeddable":true,"href":"https:\/\/forcadell.com\/ca\/wp-json\/wp\/v2\/media\/26105"}],"wp:attachment":[{"href":"https:\/\/forcadell.com\/ca\/wp-json\/wp\/v2\/media?parent=26108"}],"wp:term":[{"taxonomy":"category","embeddable":true,"href":"https:\/\/forcadell.com\/ca\/wp-json\/wp\/v2\/categories?post=26108"},{"taxonomy":"post_tag","embeddable":true,"href":"https:\/\/forcadell.com\/ca\/wp-json\/wp\/v2\/tags?post=26108"}],"curies":[{"name":"wp","href":"https:\/\/api.w.org\/{rel}","templated":true}]}}