{"id":19595,"date":"2024-07-04T17:04:21","date_gmt":"2024-07-04T15:04:21","guid":{"rendered":"https:\/\/\/jornades-per-analitzar-el-sector-doficines-davant-dels-nous-models-de-treball\/"},"modified":"2024-09-25T17:43:58","modified_gmt":"2024-09-25T15:43:58","slug":"jornades-per-analitzar-el-sector-doficines-davant-dels-nous-models-de-treball","status":"publish","type":"post","link":"https:\/\/forcadell.com\/ca\/jornades-per-analitzar-el-sector-doficines-davant-dels-nous-models-de-treball\/","title":{"rendered":"Jornades per analitzar el sector d&#8217;oficines davant dels nous models de treball"},"content":{"rendered":"<p>Forcadell i\u00a03g Smart Group hem impulsat una s\u00e8rie de sessions centrades en l&#8217;an\u00e0lisi de la transformaci\u00f3 del sector d&#8217;oficines davant dels nous models de treball que estan canviant la manera de gestionar persones, espais i edificis, i en un context que es troba en moviment constant.<\/p>\n<p><img decoding=\"async\" src=\"https:\/wp-content\/uploads\/2024\/09\/20240702111245-forcadell-smart-talks-oficinas-896x636.png\" alt=\"\" \/><\/p>\n<p>L&#8217;objectiu d&#8217;aquestes sessions \u00e9s <strong>ajudar les empreses a adaptar-se a les din\u00e0miques i necessitats actuals de la cultura empresarial i el <em>workplace<\/em><\/strong>. Amb un format de grup redu\u00eft per facilitar la participaci\u00f3 i la personalitzaci\u00f3, amb aquesta iniciativa promovem el <strong>debat sobre les tend\u00e8ncies en els entorns de treball <\/strong>i com estan afectant les pr\u00f2pies empreses i els espais corporatius, en les dimensions i el disseny.<\/p>\n<p>A m\u00e9s, aquests f\u00f2rums que proposem <strong>busquen ser facilitadors per compartir experi\u00e8ncies <\/strong>i inc\u00f2gnites pr\u00f2pies dels assistents i <strong>trobar possibles solucions personalitzades<\/strong>.<\/p>\n<p>Els primers tallers que hem organitzat <a href=\"https:\/\/www.forcadell.com\/\"><strong>Forcadell<\/strong><\/a> i <strong><a href=\"https:\/\/3gsmartgroup.com\/\" target=\"_blank\" rel=\"noopener\">3g Smart Group<\/a><\/strong> s&#8217;han celebrat aquest mes de juny a Barcelona i Madrid. <strong>Al mes de setembre reprendrem aquestes jornades a les dues capitals.<\/strong><\/p>\n<h2><strong>Debat sobre la cultura organitzacional i el <em>workplace<\/em><\/strong><\/h2>\n<p><strong>Manel de Bes, director del Departament d&#8217;Oficines de Forcadell<\/strong>, destaca el valor d&#8217;aquestes jornades per analitzar el sector d&#8217;oficines, que &#8220;permeten un espai de trobada entre directius per compartir inquietuds i solucions a l&#8217;\u00e0mbit de la cultura organitzacional i del <em>workplace<\/em>, aix\u00ed com aprofundir en les seves necessitats en quant a espais corporatius per continuar donant-los resposta de manera eficient i adaptada a cada realitat\u201d.<\/p>\n<p><strong>Francisco V\u00e1zquez, Fundador i President de 3g Smart Group<\/strong>, afirma que \u201caquestes trobades ajuden a definir els reptes i oportunitats del sector <em>workplace<\/em>, la qual cosa ens permet anticipar-nos a les tend\u00e8ncies, fomentar la innovaci\u00f3 col\u2022laborativa i crear espais que realment potenci\u00efn la productivitat i el benestar dels nostres clients. Ara hem de dissenyar amb prop\u00f2sit, convertir l&#8217;oficina en un lloc de trobada.&#8221;<\/p>\n<p><strong>3g Smart Group \u00e9s una multinacional de serveis de consultoria, disseny i arquitectura<\/strong>, interdisciplin\u00e0ria, basada en la investigaci\u00f3 i implementaci\u00f3 de solucions en processos de transformaci\u00f3 que integren persones, espais i tecnologia.<\/p>\n<p><strong>Des del 2006 organitza aquests tallers a tot el m\u00f3n, als quals ara des de Forcadell sumem\u00a0la nostra col\u2022laboraci\u00f3<\/strong> per recollir i divulgar les darreres tend\u00e8ncies en processos de transformaci\u00f3 relacionats amb la cultura organitzacional i la digitalitzaci\u00f3 i com influeixen en el sector de les oficines, especialment a Barcelona i Madrid.<\/p>\n","protected":false},"excerpt":{"rendered":"<p>Forcadell i\u00a03g Smart Group hem impulsat una s\u00e8rie de sessions centrades en l&#8217;an\u00e0lisi de la transformaci\u00f3 del sector d&#8217;oficines davant dels nous models de treball que estan canviant la manera de gestionar persones, espais i edificis, i en un context que es troba en moviment constant. L&#8217;objectiu d&#8217;aquestes sessions \u00e9s ajudar les empreses a adaptar-se [&hellip;]<\/p>\n","protected":false},"author":17,"featured_media":17622,"comment_status":"closed","ping_status":"open","sticky":false,"template":"","format":"standard","meta":{"_acf_changed":false,"footnotes":""},"categories":[69,75],"tags":[],"class_list":["post-19595","post","type-post","status-publish","format-standard","has-post-thumbnail","hentry","category-actualidad-de-mercado","category-actualitat-de-mercat"],"acf":[],"yoast_head":"<!-- This site is optimized with the Yoast SEO plugin v25.6 - https:\/\/yoast.com\/wordpress\/plugins\/seo\/ -->\n<title>Jornades per analitzar el sector d&#039;oficines I Forcadell<\/title>\n<meta name=\"description\" content=\"Forcadell organitza, en col\u00b7labroaci\u00f3 amb 3g Smart Group, jornades per analitzar el sector d&#039;oficines davant els nous models de treball.\" \/>\n<meta name=\"robots\" content=\"index, follow, max-snippet:-1, max-image-preview:large, max-video-preview:-1\" \/>\n<link rel=\"canonical\" href=\"https:\/\/forcadell.com\/ca\/jornades-per-analitzar-el-sector-doficines-davant-dels-nous-models-de-treball\/\" \/>\n<meta property=\"og:locale\" content=\"ca_ES\" \/>\n<meta property=\"og:type\" content=\"article\" \/>\n<meta property=\"og:title\" content=\"Jornades per analitzar el sector d&#039;oficines I Forcadell\" \/>\n<meta property=\"og:description\" content=\"Forcadell organitza, en col\u00b7labroaci\u00f3 amb 3g Smart Group, jornades per analitzar el sector d&#039;oficines davant els nous models de treball.\" \/>\n<meta property=\"og:url\" content=\"https:\/\/forcadell.com\/ca\/jornades-per-analitzar-el-sector-doficines-davant-dels-nous-models-de-treball\/\" \/>\n<meta property=\"og:site_name\" content=\"Forcadell\" \/>\n<meta property=\"article:published_time\" content=\"2024-07-04T15:04:21+00:00\" \/>\n<meta property=\"article:modified_time\" content=\"2024-09-25T15:43:58+00:00\" \/>\n<meta property=\"og:image\" content=\"https:\/\/forcadell.com\/wp-content\/uploads\/2024\/09\/3629_Forcadell_Smart-talks_oficinas-1360x636.png\" \/>\n\t<meta property=\"og:image:width\" content=\"1360\" \/>\n\t<meta property=\"og:image:height\" content=\"636\" \/>\n\t<meta property=\"og:image:type\" content=\"image\/png\" \/>\n<meta name=\"author\" content=\"Joan S\u00e1nchez\" \/>\n<meta name=\"twitter:card\" content=\"summary_large_image\" \/>\n<meta name=\"twitter:label1\" content=\"Escrit per\" \/>\n\t<meta name=\"twitter:data1\" content=\"Joan S\u00e1nchez\" \/>\n\t<meta name=\"twitter:label2\" content=\"Temps estimat de lectura\" \/>\n\t<meta name=\"twitter:data2\" content=\"3 minuts\" \/>\n<!-- \/ Yoast SEO plugin. -->","yoast_head_json":{"title":"Jornades per analitzar el sector d'oficines I Forcadell","description":"Forcadell organitza, en col\u00b7labroaci\u00f3 amb 3g Smart Group, jornades per analitzar el sector d'oficines davant els nous models de treball.","robots":{"index":"index","follow":"follow","max-snippet":"max-snippet:-1","max-image-preview":"max-image-preview:large","max-video-preview":"max-video-preview:-1"},"canonical":"https:\/\/forcadell.com\/ca\/jornades-per-analitzar-el-sector-doficines-davant-dels-nous-models-de-treball\/","og_locale":"ca_ES","og_type":"article","og_title":"Jornades per analitzar el sector d'oficines I Forcadell","og_description":"Forcadell organitza, en col\u00b7labroaci\u00f3 amb 3g Smart Group, jornades per analitzar el sector d'oficines davant els nous models de treball.","og_url":"https:\/\/forcadell.com\/ca\/jornades-per-analitzar-el-sector-doficines-davant-dels-nous-models-de-treball\/","og_site_name":"Forcadell","article_published_time":"2024-07-04T15:04:21+00:00","article_modified_time":"2024-09-25T15:43:58+00:00","og_image":[{"width":1360,"height":636,"url":"https:\/\/forcadell.com\/wp-content\/uploads\/2024\/09\/3629_Forcadell_Smart-talks_oficinas-1360x636.png","type":"image\/png"}],"author":"Joan S\u00e1nchez","twitter_card":"summary_large_image","twitter_misc":{"Escrit per":"Joan S\u00e1nchez","Temps estimat de lectura":"3 minuts"},"schema":{"@context":"https:\/\/schema.org","@graph":[{"@type":"WebPage","@id":"https:\/\/forcadell.com\/ca\/jornades-per-analitzar-el-sector-doficines-davant-dels-nous-models-de-treball\/","url":"https:\/\/forcadell.com\/ca\/jornades-per-analitzar-el-sector-doficines-davant-dels-nous-models-de-treball\/","name":"Jornades per analitzar el sector d'oficines I Forcadell","isPartOf":{"@id":"https:\/\/forcadell.com\/ca\/#website"},"primaryImageOfPage":{"@id":"https:\/\/forcadell.com\/ca\/jornades-per-analitzar-el-sector-doficines-davant-dels-nous-models-de-treball\/#primaryimage"},"image":{"@id":"https:\/\/forcadell.com\/ca\/jornades-per-analitzar-el-sector-doficines-davant-dels-nous-models-de-treball\/#primaryimage"},"thumbnailUrl":"https:\/\/forcadell.com\/wp-content\/uploads\/2024\/09\/3629_Forcadell_Smart-talks_oficinas.png","datePublished":"2024-07-04T15:04:21+00:00","dateModified":"2024-09-25T15:43:58+00:00","author":{"@id":"https:\/\/forcadell.com\/ca\/#\/schema\/person\/1a2ac27005fa1cd1468319ce331748fb"},"description":"Forcadell organitza, en col\u00b7labroaci\u00f3 amb 3g Smart Group, jornades per analitzar el sector d'oficines davant els nous models de treball.","breadcrumb":{"@id":"https:\/\/forcadell.com\/ca\/jornades-per-analitzar-el-sector-doficines-davant-dels-nous-models-de-treball\/#breadcrumb"},"inLanguage":"ca","potentialAction":[{"@type":"ReadAction","target":["https:\/\/forcadell.com\/ca\/jornades-per-analitzar-el-sector-doficines-davant-dels-nous-models-de-treball\/"]}]},{"@type":"ImageObject","inLanguage":"ca","@id":"https:\/\/forcadell.com\/ca\/jornades-per-analitzar-el-sector-doficines-davant-dels-nous-models-de-treball\/#primaryimage","url":"https:\/\/forcadell.com\/wp-content\/uploads\/2024\/09\/3629_Forcadell_Smart-talks_oficinas.png","contentUrl":"https:\/\/forcadell.com\/wp-content\/uploads\/2024\/09\/3629_Forcadell_Smart-talks_oficinas.png","width":2667,"height":1750},{"@type":"BreadcrumbList","@id":"https:\/\/forcadell.com\/ca\/jornades-per-analitzar-el-sector-doficines-davant-dels-nous-models-de-treball\/#breadcrumb","itemListElement":[{"@type":"ListItem","position":1,"name":"Portada","item":"https:\/\/forcadell.com\/ca\/"},{"@type":"ListItem","position":2,"name":"Jornades per analitzar el sector d&#8217;oficines davant dels nous models de treball"}]},{"@type":"WebSite","@id":"https:\/\/forcadell.com\/ca\/#website","url":"https:\/\/forcadell.com\/ca\/","name":"Forcadell","description":"Inmobiliaria Barcelona | Consultores inmobiliarios","potentialAction":[{"@type":"SearchAction","target":{"@type":"EntryPoint","urlTemplate":"https:\/\/forcadell.com\/ca\/?s={search_term_string}"},"query-input":{"@type":"PropertyValueSpecification","valueRequired":true,"valueName":"search_term_string"}}],"inLanguage":"ca"},{"@type":"Person","@id":"https:\/\/forcadell.com\/ca\/#\/schema\/person\/1a2ac27005fa1cd1468319ce331748fb","name":"Joan S\u00e1nchez","image":{"@type":"ImageObject","inLanguage":"ca","@id":"https:\/\/forcadell.com\/ca\/#\/schema\/person\/image\/","url":"https:\/\/secure.gravatar.com\/avatar\/140fe1cd99e5f4d205b3c578197d77b5?s=96&d=mm&r=g","contentUrl":"https:\/\/secure.gravatar.com\/avatar\/140fe1cd99e5f4d205b3c578197d77b5?s=96&d=mm&r=g","caption":"Joan S\u00e1nchez"}}]}},"_links":{"self":[{"href":"https:\/\/forcadell.com\/ca\/wp-json\/wp\/v2\/posts\/19595"}],"collection":[{"href":"https:\/\/forcadell.com\/ca\/wp-json\/wp\/v2\/posts"}],"about":[{"href":"https:\/\/forcadell.com\/ca\/wp-json\/wp\/v2\/types\/post"}],"author":[{"embeddable":true,"href":"https:\/\/forcadell.com\/ca\/wp-json\/wp\/v2\/users\/17"}],"replies":[{"embeddable":true,"href":"https:\/\/forcadell.com\/ca\/wp-json\/wp\/v2\/comments?post=19595"}],"version-history":[{"count":3,"href":"https:\/\/forcadell.com\/ca\/wp-json\/wp\/v2\/posts\/19595\/revisions"}],"predecessor-version":[{"id":20816,"href":"https:\/\/forcadell.com\/ca\/wp-json\/wp\/v2\/posts\/19595\/revisions\/20816"}],"wp:featuredmedia":[{"embeddable":true,"href":"https:\/\/forcadell.com\/ca\/wp-json\/wp\/v2\/media\/17622"}],"wp:attachment":[{"href":"https:\/\/forcadell.com\/ca\/wp-json\/wp\/v2\/media?parent=19595"}],"wp:term":[{"taxonomy":"category","embeddable":true,"href":"https:\/\/forcadell.com\/ca\/wp-json\/wp\/v2\/categories?post=19595"},{"taxonomy":"post_tag","embeddable":true,"href":"https:\/\/forcadell.com\/ca\/wp-json\/wp\/v2\/tags?post=19595"}],"curies":[{"name":"wp","href":"https:\/\/api.w.org\/{rel}","templated":true}]}}