{"id":19590,"date":"2024-06-13T17:04:21","date_gmt":"2024-06-13T15:04:21","guid":{"rendered":"https:\/\/\/rent-all-obre-la-primera-base-a-espanya-assessorada-per-forcadell\/"},"modified":"2024-11-27T12:59:30","modified_gmt":"2024-11-27T10:59:30","slug":"rent-all-obre-la-primera-base-a-espanya-assessorada-per-forcadell","status":"publish","type":"post","link":"https:\/\/forcadell.com\/ca\/rent-all-obre-la-primera-base-a-espanya-assessorada-per-forcadell\/","title":{"rendered":"Rent-All obre la seva primera base a Espanya assessorada per FORCADELL"},"content":{"rendered":"<p>Es tracta d&#8217;un actiu log\u00edstic situat estrat\u00e8gicament a la segona corona de Barcelona, amb acc\u00e9s directe a l&#8217;AP7, que garanteix una recepci\u00f3 \u00f2ptima i \u00e0gil del material enviat des de la seva seu holandesa.<\/p>\n<p><img decoding=\"async\" src=\"https:\/wp-content\/uploads\/2024\/09\/20240613093950-forcadell-nave-logistica-rent-all-2-896x636.png\" alt=\"\" \/><\/p>\n<p><strong>Rent-All<\/strong>, empresa l\u00edder a Europa dedicada al lloguer d&#8217;equipaments de la ind\u00fastria de l&#8217;espectacle, <strong>ha escollit Castellbisbal per ubicar la primera base a Espanya, en una operaci\u00f3 intermediada per Forcadell.\u00a0<\/strong><\/p>\n<p>D&#8217;aquesta manera, l&#8217;empresa holandesa s&#8217;instal\u2022lar\u00e0 a una nau que compta amb 3.110 m<sup>2<\/sup> i disposa de la <strong>certificaci\u00f3 de sostenibilitat BREEAM Very good<\/strong>. \u00c9s un <strong>actiu log\u00edstic de primera categoria, modern i flexible, estrat\u00e8gicament situat a la segona corona, a una dist\u00e0ncia de tan sols 30 km de Barcelona i a 25 km de l&#8217;aeroport <\/strong>de la ciutat comtal.<\/p>\n<h2><strong>Certificaci\u00f3 BREEAM Very good i ubicaci\u00f3 estrat\u00e8gica\u00a0<\/strong><\/h2>\n<p>A m\u00e9s, <strong>aquesta plataforma log\u00edstica t\u00e9 acc\u00e9s directe a les principals vies de comunicaci\u00f3 com ara l&#8217;AP7, la B-23 i l&#8217;A-2<\/strong>. En aquest sentit, cal destacar que l&#8217;AP7 \u00e9s l&#8217;art\u00e8ria de connexi\u00f3 per carretera amb la resta d&#8217;Europa, cosa que <strong>garanteix a Rent-All una recepci\u00f3 \u00f2ptima i \u00e0gil del material<\/strong> enviat des de la seva seu holandesa, aix\u00ed com una molt <strong>bona accessibilitat a ciutats com Madrid i, en general, a tot el territori espanyol.<\/strong><\/p>\n<p><strong>Gerard Plana, Director del <a href=\"https:\/\/www.forcadellindustrial.com\/\" target=\"_blank\" rel=\"noopener\">Departament d&#8217;Industrial-Log\u00edstica de Forcadell<\/a><\/strong>, ha assenyalat com <strong>l&#8217;estoc immolog\u00edstic situat a la segona corona atrau un gran volum de demanda, ja que \u201ccompta amb una ubicaci\u00f3 excepcional<\/strong> en tenir acc\u00e9s directe a principals vies de transport com \u00e9s l&#8217;AP7, porta d\u2019entrada de mercaderies que arriben des d&#8217;Europa\u201d.<\/p>\n<p>En aquest sentit ha recordat que &#8220;<strong>la major part de la superf\u00edcie contractada durant el primer trimestre del 2024 s&#8217;ha situat en aquesta corona, que ha arribat als 71.863 m<sup>2<\/sup><\/strong>, fet que suposa un 80% del total&#8221;, com destacava el darrer informe de Forcadell.<\/p>\n<p>Aix\u00ed mateix, la nau on assentar\u00e0 la base Rent-All compta amb<strong> una al\u00e7ada \u00fatil de 10 m i una capacitat de 4.400 palets<\/strong>. D&#8217;altra banda, aquest actiu, del qual NAUS BCN 1989 \u00e9s promotor, <strong>tamb\u00e9 ofereix una oficina totalment equipada, a m\u00e9s d&#8217;un aparcament per a empleats o visites<\/strong>, entre d&#8217;altres.<\/p>\n<p>Amb m\u00e9s de 25 anys d&#8217;hist\u00f2ria, <strong>Rent-All centra la seva activitat en el lloguer d&#8217;equips d&#8217;il\u2022luminaci\u00f3, so, v\u00eddeo i rigging per a la ind\u00fastria de l&#8217;espectacle<\/strong>, sent la major empresa a Europa en\u00a0\u201cdry hire\u201d (lloguer d&#8217;equips sense serveis\u00a0addicionals). Forma part d&#8217;un grup empresarial amb pres\u00e8ncia nacional i internacional a sectors com el teatre, la televisi\u00f3, concerts, festivals i exposicions.<\/p>\n","protected":false},"excerpt":{"rendered":"<p>Es tracta d&#8217;un actiu log\u00edstic situat estrat\u00e8gicament a la segona corona de Barcelona, amb acc\u00e9s directe a l&#8217;AP7, que garanteix una recepci\u00f3 \u00f2ptima i \u00e0gil del material enviat des de la seva seu holandesa. Rent-All, empresa l\u00edder a Europa dedicada al lloguer d&#8217;equipaments de la ind\u00fastria de l&#8217;espectacle, ha escollit Castellbisbal per ubicar la primera [&hellip;]<\/p>\n","protected":false},"author":17,"featured_media":17877,"comment_status":"closed","ping_status":"open","sticky":false,"template":"","format":"standard","meta":{"_acf_changed":false,"footnotes":""},"categories":[77,71],"tags":[],"class_list":["post-19590","post","type-post","status-publish","format-standard","has-post-thumbnail","hentry","category-corporatiu","category-corporativo"],"acf":[],"yoast_head":"<!-- This site is optimized with the Yoast SEO plugin v25.6 - https:\/\/yoast.com\/wordpress\/plugins\/seo\/ -->\n<title>Rent-All obre la seva primera base a Espanya assessorada per FORCADELL - Forcadell<\/title>\n<meta name=\"robots\" content=\"index, follow, max-snippet:-1, max-image-preview:large, max-video-preview:-1\" \/>\n<link rel=\"canonical\" href=\"https:\/\/forcadell.com\/ca\/rent-all-obre-la-primera-base-a-espanya-assessorada-per-forcadell\/\" \/>\n<meta property=\"og:locale\" content=\"ca_ES\" \/>\n<meta property=\"og:type\" content=\"article\" \/>\n<meta property=\"og:title\" content=\"Rent-All obre la seva primera base a Espanya assessorada per FORCADELL - Forcadell\" \/>\n<meta property=\"og:description\" content=\"Es tracta d&#8217;un actiu log\u00edstic situat estrat\u00e8gicament a la segona corona de Barcelona, amb acc\u00e9s directe a l&#8217;AP7, que garanteix una recepci\u00f3 \u00f2ptima i \u00e0gil del material enviat des de la seva seu holandesa. Rent-All, empresa l\u00edder a Europa dedicada al lloguer d&#8217;equipaments de la ind\u00fastria de l&#8217;espectacle, ha escollit Castellbisbal per ubicar la primera [&hellip;]\" \/>\n<meta property=\"og:url\" content=\"https:\/\/forcadell.com\/ca\/rent-all-obre-la-primera-base-a-espanya-assessorada-per-forcadell\/\" \/>\n<meta property=\"og:site_name\" content=\"Forcadell\" \/>\n<meta property=\"article:published_time\" content=\"2024-06-13T15:04:21+00:00\" \/>\n<meta property=\"article:modified_time\" content=\"2024-11-27T10:59:30+00:00\" \/>\n<meta property=\"og:image\" content=\"https:\/\/forcadell.com\/wp-content\/uploads\/2024\/09\/3614_Forcadell_Nave-logistica_Rent-All-1360x636.png\" \/>\n\t<meta property=\"og:image:width\" content=\"1360\" \/>\n\t<meta property=\"og:image:height\" content=\"636\" \/>\n\t<meta property=\"og:image:type\" content=\"image\/png\" \/>\n<meta name=\"author\" content=\"Joan S\u00e1nchez\" \/>\n<meta name=\"twitter:card\" content=\"summary_large_image\" \/>\n<meta name=\"twitter:label1\" content=\"Escrit per\" \/>\n\t<meta name=\"twitter:data1\" content=\"Joan S\u00e1nchez\" \/>\n\t<meta name=\"twitter:label2\" content=\"Temps estimat de lectura\" \/>\n\t<meta name=\"twitter:data2\" content=\"3 minuts\" \/>\n<!-- \/ Yoast SEO plugin. -->","yoast_head_json":{"title":"Rent-All obre la seva primera base a Espanya assessorada per FORCADELL - Forcadell","robots":{"index":"index","follow":"follow","max-snippet":"max-snippet:-1","max-image-preview":"max-image-preview:large","max-video-preview":"max-video-preview:-1"},"canonical":"https:\/\/forcadell.com\/ca\/rent-all-obre-la-primera-base-a-espanya-assessorada-per-forcadell\/","og_locale":"ca_ES","og_type":"article","og_title":"Rent-All obre la seva primera base a Espanya assessorada per FORCADELL - Forcadell","og_description":"Es tracta d&#8217;un actiu log\u00edstic situat estrat\u00e8gicament a la segona corona de Barcelona, amb acc\u00e9s directe a l&#8217;AP7, que garanteix una recepci\u00f3 \u00f2ptima i \u00e0gil del material enviat des de la seva seu holandesa. Rent-All, empresa l\u00edder a Europa dedicada al lloguer d&#8217;equipaments de la ind\u00fastria de l&#8217;espectacle, ha escollit Castellbisbal per ubicar la primera [&hellip;]","og_url":"https:\/\/forcadell.com\/ca\/rent-all-obre-la-primera-base-a-espanya-assessorada-per-forcadell\/","og_site_name":"Forcadell","article_published_time":"2024-06-13T15:04:21+00:00","article_modified_time":"2024-11-27T10:59:30+00:00","og_image":[{"width":1360,"height":636,"url":"https:\/\/forcadell.com\/wp-content\/uploads\/2024\/09\/3614_Forcadell_Nave-logistica_Rent-All-1360x636.png","type":"image\/png"}],"author":"Joan S\u00e1nchez","twitter_card":"summary_large_image","twitter_misc":{"Escrit per":"Joan S\u00e1nchez","Temps estimat de lectura":"3 minuts"},"schema":{"@context":"https:\/\/schema.org","@graph":[{"@type":"WebPage","@id":"https:\/\/forcadell.com\/ca\/rent-all-obre-la-primera-base-a-espanya-assessorada-per-forcadell\/","url":"https:\/\/forcadell.com\/ca\/rent-all-obre-la-primera-base-a-espanya-assessorada-per-forcadell\/","name":"Rent-All obre la seva primera base a Espanya assessorada per FORCADELL - Forcadell","isPartOf":{"@id":"https:\/\/forcadell.com\/ca\/#website"},"primaryImageOfPage":{"@id":"https:\/\/forcadell.com\/ca\/rent-all-obre-la-primera-base-a-espanya-assessorada-per-forcadell\/#primaryimage"},"image":{"@id":"https:\/\/forcadell.com\/ca\/rent-all-obre-la-primera-base-a-espanya-assessorada-per-forcadell\/#primaryimage"},"thumbnailUrl":"https:\/\/forcadell.com\/wp-content\/uploads\/2024\/09\/3614_Forcadell_Nave-logistica_Rent-All.png","datePublished":"2024-06-13T15:04:21+00:00","dateModified":"2024-11-27T10:59:30+00:00","author":{"@id":"https:\/\/forcadell.com\/ca\/#\/schema\/person\/1a2ac27005fa1cd1468319ce331748fb"},"breadcrumb":{"@id":"https:\/\/forcadell.com\/ca\/rent-all-obre-la-primera-base-a-espanya-assessorada-per-forcadell\/#breadcrumb"},"inLanguage":"ca","potentialAction":[{"@type":"ReadAction","target":["https:\/\/forcadell.com\/ca\/rent-all-obre-la-primera-base-a-espanya-assessorada-per-forcadell\/"]}]},{"@type":"ImageObject","inLanguage":"ca","@id":"https:\/\/forcadell.com\/ca\/rent-all-obre-la-primera-base-a-espanya-assessorada-per-forcadell\/#primaryimage","url":"https:\/\/forcadell.com\/wp-content\/uploads\/2024\/09\/3614_Forcadell_Nave-logistica_Rent-All.png","contentUrl":"https:\/\/forcadell.com\/wp-content\/uploads\/2024\/09\/3614_Forcadell_Nave-logistica_Rent-All.png","width":2738,"height":1821},{"@type":"BreadcrumbList","@id":"https:\/\/forcadell.com\/ca\/rent-all-obre-la-primera-base-a-espanya-assessorada-per-forcadell\/#breadcrumb","itemListElement":[{"@type":"ListItem","position":1,"name":"Portada","item":"https:\/\/forcadell.com\/ca\/"},{"@type":"ListItem","position":2,"name":"Rent-All obre la seva primera base a Espanya assessorada per FORCADELL"}]},{"@type":"WebSite","@id":"https:\/\/forcadell.com\/ca\/#website","url":"https:\/\/forcadell.com\/ca\/","name":"Forcadell","description":"Inmobiliaria Barcelona | Consultores inmobiliarios","potentialAction":[{"@type":"SearchAction","target":{"@type":"EntryPoint","urlTemplate":"https:\/\/forcadell.com\/ca\/?s={search_term_string}"},"query-input":{"@type":"PropertyValueSpecification","valueRequired":true,"valueName":"search_term_string"}}],"inLanguage":"ca"},{"@type":"Person","@id":"https:\/\/forcadell.com\/ca\/#\/schema\/person\/1a2ac27005fa1cd1468319ce331748fb","name":"Joan S\u00e1nchez","image":{"@type":"ImageObject","inLanguage":"ca","@id":"https:\/\/forcadell.com\/ca\/#\/schema\/person\/image\/","url":"https:\/\/secure.gravatar.com\/avatar\/140fe1cd99e5f4d205b3c578197d77b5?s=96&d=mm&r=g","contentUrl":"https:\/\/secure.gravatar.com\/avatar\/140fe1cd99e5f4d205b3c578197d77b5?s=96&d=mm&r=g","caption":"Joan S\u00e1nchez"}}]}},"_links":{"self":[{"href":"https:\/\/forcadell.com\/ca\/wp-json\/wp\/v2\/posts\/19590"}],"collection":[{"href":"https:\/\/forcadell.com\/ca\/wp-json\/wp\/v2\/posts"}],"about":[{"href":"https:\/\/forcadell.com\/ca\/wp-json\/wp\/v2\/types\/post"}],"author":[{"embeddable":true,"href":"https:\/\/forcadell.com\/ca\/wp-json\/wp\/v2\/users\/17"}],"replies":[{"embeddable":true,"href":"https:\/\/forcadell.com\/ca\/wp-json\/wp\/v2\/comments?post=19590"}],"version-history":[{"count":3,"href":"https:\/\/forcadell.com\/ca\/wp-json\/wp\/v2\/posts\/19590\/revisions"}],"predecessor-version":[{"id":25818,"href":"https:\/\/forcadell.com\/ca\/wp-json\/wp\/v2\/posts\/19590\/revisions\/25818"}],"wp:featuredmedia":[{"embeddable":true,"href":"https:\/\/forcadell.com\/ca\/wp-json\/wp\/v2\/media\/17877"}],"wp:attachment":[{"href":"https:\/\/forcadell.com\/ca\/wp-json\/wp\/v2\/media?parent=19590"}],"wp:term":[{"taxonomy":"category","embeddable":true,"href":"https:\/\/forcadell.com\/ca\/wp-json\/wp\/v2\/categories?post=19590"},{"taxonomy":"post_tag","embeddable":true,"href":"https:\/\/forcadell.com\/ca\/wp-json\/wp\/v2\/tags?post=19590"}],"curies":[{"name":"wp","href":"https:\/\/api.w.org\/{rel}","templated":true}]}}