{"id":19572,"date":"2024-04-16T17:04:19","date_gmt":"2024-04-16T15:04:19","guid":{"rendered":"https:\/\/\/consulta-els-nous-municipis-de-catalunya-que-safegiran-al-llistat-inicial-darees-tenses\/"},"modified":"2024-09-25T17:34:17","modified_gmt":"2024-09-25T15:34:17","slug":"consulta-els-nous-municipis-de-catalunya-que-safegiran-al-llistat-inicial-darees-tenses","status":"publish","type":"post","link":"https:\/\/forcadell.com\/ca\/consulta-els-nous-municipis-de-catalunya-que-safegiran-al-llistat-inicial-darees-tenses\/","title":{"rendered":"Consulta els nous municipis de Catalunya que s\u2019afegiran al llistat inicial d\u2019\u00e0rees tenses"},"content":{"rendered":"<p>Catalunya ha demanat la declaraci\u00f3 de <strong>mercat residencial tensat <\/strong>per a 131 municipis m\u00e9s.<\/p>\n<p><img decoding=\"async\" src=\"https:\/wp-content\/uploads\/2024\/09\/20240416115555-consulta-els-nous-municipis-de-catalunya-que-safegiran-al-llistat-inicial-darees-tenses--forcadell-896x636.png\" alt=\"\" \/><\/p>\n<p>El departament de Territori de la Generalitat de <strong>Catalunya ha iniciat la tramitaci\u00f3 com a zona de mercat residencial tensat de 131 nous municipis<\/strong>. Aquests <strong>se sumen als<\/strong> <strong><a href=\"https:\/\/www.forcadell.com\/ca\/noticies\/consulta-els-140-municipis-que-limitaran-el-preu-del-lloguer.html\" target=\"_blank\" rel=\"noopener\">140 municipis <\/a><\/strong>\u00a0que ja va declarar en la resoluci\u00f3 publicada en el passat mes de mar\u00e7.<\/p>\n<p>L\u2019ampliaci\u00f3 que ara comen\u00e7a a tramitar-se afecta els municipis que no formen part del llistat anterior, tenen <strong>m\u00e9s de 2.000 habitants i compleixen algun dels requisits que marca la Llei estatal pel dret a l\u2019habitatge<\/strong>:<\/p>\n<p>1.- Que la <strong>c\u00e0rrega mitjana del cost del lloguer o de la hipoteca al pressupost personal o de la unitat de conviv\u00e8ncia, m\u00e9s les despeses i subministraments b\u00e0sics, superi el 30% dels ingressos mitjans<\/strong> o de la renda mitjana de les llars.<\/p>\n<p>2.- Que el <strong>preu de lloguer o compra de l&#8217;habitatge hagi mostrat els cinc anys anteriors a la declaraci\u00f3 com a \u00e0rea tensionada un percentatge de creixement acumulat d&#8217;almenys tres punts percentuals per sobre del creixement acumulat de l&#8217;IPC.<\/strong><\/p>\n<h2><strong>Llistat dels 131 municipis a declarar zona de mercat residencial tensat<\/strong><\/h2>\n<p>Aiguafreda, Albinyana, Alcanar, Alcarr\u00e0s, Alcover, l&#8217;Aldea, Almacelles, Alpicat, Altafulla, Ametlla de Mar, Ametlla del Vall\u00e8s, Ampolla, Angl\u00e8s, Arbo\u00e7, Arb\u00facies, Art\u00e9s, Artesa de Segre, Bag\u00e0, Begues, Begur, Bellpuig, Bellver de Cerdanya, Besal\u00fa, Bigues i Riells del Fai, Bisbal del Pened\u00e8s, les Borges Blanques, Breda, Cadaqu\u00e9s, Calaf, Calafell, Caldes de Malavella, Calonge i Sant Antoni, Canyelles, Cass\u00e0 de la Selva, Castellet i la Gornal, Castellgal\u00ed, Castell\u00f3 d&#8217;Emp\u00faries, Castell-Platja d&#8217;Aro, Castellter\u00e7ol, Celr\u00e0, Centelles, Creixell, Cunit, Deltebre, Dosrius, l&#8217;Escala, l&#8217;Esquirol, Folgueroles, Fornells de la Selva, Gelida, Gironella, Hostalric, Linyola, Llan\u00e7\u00e0, Lli\u00e7\u00e0 d&#8217;Amunt, Lli\u00e7\u00e0 de Vall, Ma\u00e7anet de la Selva, Masquefa, Moi\u00e0, Monistrol de Montserrat, Montblanc, Montbri\u00f3 del Camp, Mont-roig del Camp, M\u00f3ra d&#8217;Ebre, el Morell, Nav\u00e0s, \u00d2dena, Ol\u00e8rdola, Olesa de Bonesvalls, Olivella, Pallej\u00e0, la Palma de Cervell\u00f3, Pals, Peralada, Piera, Pobla de Montorn\u00e8s, el Pont de Suert, Ponts, Prats de Llu\u00e7an\u00e8s, Puig-reig, la R\u00e0pita, Riells i Viabrea, Riudarenes, Riudoms, Roda de Ber\u00e0, Roda de Ter, Roses, Sant Antoni de Vilamajor, Sant Cebri\u00e0 de Vallalta, Sant Esteve de Palautordera, Sant Feliu de Codines, Sant Hip\u00f2lit de Voltreg\u00e0, Sant Jaume dels Domenys, Sant Jaume d&#8217;Enveja, Sant Joan de Vilatorrada, Sant Juli\u00e0 de Ramis, Sant Lloren\u00e7 d&#8217;Hortons, Sant Lloren\u00e7 Savall, Sant Mart\u00ed Sarroca, Sant Pere de Riudebitlles, Sant Pere de Torell\u00f3, Sant Pere de Vilamajor, Sant Pere Pescador, Sant Quirze de Besora, Santa B\u00e0rbara, Santa Coloma de Queralt, Santa Cristina d&#8217;Aro, Santa Eul\u00e0lia de Ron\u00e7ana, Santa Maria de Palautordera, Santa Oliva, Santpedor, Selva del Camp, la S\u00e9nia, Sentmenat, Seva, Sils, S\u00faria, Taradell, Torrelles de Foix, Torroella de Montgr\u00ed, Tossa de Mar, Ulldecona, Vacarisses, Vallgorguina, Vidreres, Vielha e Mijaran, Viladecavalls, Vilafant, Vilanova del Vall\u00e8s, Vilob\u00ed d&#8217;Onyar i Vinyols i els Arcs.<\/p>\n<h2><strong>Com funciona l&#8217;\u00edndex de preus del lloguer?<\/strong><\/h2>\n<p>Dins d\u2019aquests municipis, l&#8217;<strong><a href=\"http:\/\/serpavi.mivau.gob.es\/\" target=\"_blank\" rel=\"noopener\">\u00cdndex de refer\u00e8ncia de preus\u00a0de lloguer<\/a><\/strong> afectar\u00e0 els <strong>nous contractes de pisos que no hagin estat de lloguer en els darrers 5 anys i els que siguin propietat de grans tenidors<\/strong>.<\/p>\n<p>L&#8217;\u00cdndex facilita per a l&#8217;habitatge un rang de preus de lloguer, segons les caracter\u00edstiques i l&#8217;estat. El rang variar\u00e0 llavors en funci\u00f3 d&#8217;aquests atributs: com m\u00e9s serveis i millor estat de conservaci\u00f3, m\u00e9s gran ser\u00e0 el preu dins del rang. <strong>Els propietaris dels habitatges poden establir el preu de lloguer nom\u00e9s dins d&#8217;aquest marge<\/strong>. Llegeix m\u00e9s sobre l\u2019\u00cdndex en aquest\u00a0<strong><a href=\"https:\/\/www.forcadell.com\/ca\/noticies\/com-puc-saber-el-preu-del-lloguer-dun-habitatge.html\" target=\"_blank\" rel=\"noopener\">post <\/a>del blog de Forcadell.<\/strong><\/p>\n","protected":false},"excerpt":{"rendered":"<p>Catalunya ha demanat la declaraci\u00f3 de mercat residencial tensat per a 131 municipis m\u00e9s. El departament de Territori de la Generalitat de Catalunya ha iniciat la tramitaci\u00f3 com a zona de mercat residencial tensat de 131 nous municipis. Aquests se sumen als 140 municipis \u00a0que ja va declarar en la resoluci\u00f3 publicada en el passat [&hellip;]<\/p>\n","protected":false},"author":17,"featured_media":18063,"comment_status":"closed","ping_status":"open","sticky":false,"template":"","format":"standard","meta":{"_acf_changed":false,"footnotes":""},"categories":[76,70],"tags":[],"class_list":["post-19572","post","type-post","status-publish","format-standard","has-post-thumbnail","hentry","category-aspectes-legals","category-aspectos-legales"],"acf":[],"yoast_head":"<!-- This site is optimized with the Yoast SEO plugin v25.6 - https:\/\/yoast.com\/wordpress\/plugins\/seo\/ -->\n<title>Consulta els nous municipis de Catalunya que s\u2019afegiran al llistat inicial d\u2019\u00e0rees tenses - Forcadell<\/title>\n<meta name=\"robots\" content=\"index, follow, max-snippet:-1, max-image-preview:large, max-video-preview:-1\" \/>\n<link rel=\"canonical\" href=\"https:\/\/forcadell.com\/ca\/consulta-els-nous-municipis-de-catalunya-que-safegiran-al-llistat-inicial-darees-tenses\/\" \/>\n<meta property=\"og:locale\" content=\"ca_ES\" \/>\n<meta property=\"og:type\" content=\"article\" \/>\n<meta property=\"og:title\" content=\"Consulta els nous municipis de Catalunya que s\u2019afegiran al llistat inicial d\u2019\u00e0rees tenses - Forcadell\" \/>\n<meta property=\"og:description\" content=\"Catalunya ha demanat la declaraci\u00f3 de mercat residencial tensat per a 131 municipis m\u00e9s. El departament de Territori de la Generalitat de Catalunya ha iniciat la tramitaci\u00f3 com a zona de mercat residencial tensat de 131 nous municipis. Aquests se sumen als 140 municipis \u00a0que ja va declarar en la resoluci\u00f3 publicada en el passat [&hellip;]\" \/>\n<meta property=\"og:url\" content=\"https:\/\/forcadell.com\/ca\/consulta-els-nous-municipis-de-catalunya-que-safegiran-al-llistat-inicial-darees-tenses\/\" \/>\n<meta property=\"og:site_name\" content=\"Forcadell\" \/>\n<meta property=\"article:published_time\" content=\"2024-04-16T15:04:19+00:00\" \/>\n<meta property=\"article:modified_time\" content=\"2024-09-25T15:34:17+00:00\" \/>\n<meta property=\"og:image\" content=\"https:\/\/forcadell.com\/wp-content\/uploads\/2024\/09\/3554_Consulta-els-nous-municipis-de-Catalunya-que-safegiran-al-llistat-inicial-darees-tenses-_FORCADELL-1280x636.png\" \/>\n\t<meta property=\"og:image:width\" content=\"1280\" \/>\n\t<meta property=\"og:image:height\" content=\"636\" \/>\n\t<meta property=\"og:image:type\" content=\"image\/png\" \/>\n<meta name=\"author\" content=\"Joan S\u00e1nchez\" \/>\n<meta name=\"twitter:card\" content=\"summary_large_image\" \/>\n<meta name=\"twitter:label1\" content=\"Escrit per\" \/>\n\t<meta name=\"twitter:data1\" content=\"Joan S\u00e1nchez\" \/>\n\t<meta name=\"twitter:label2\" content=\"Temps estimat de lectura\" \/>\n\t<meta name=\"twitter:data2\" content=\"3 minuts\" \/>\n<!-- \/ Yoast SEO plugin. -->","yoast_head_json":{"title":"Consulta els nous municipis de Catalunya que s\u2019afegiran al llistat inicial d\u2019\u00e0rees tenses - Forcadell","robots":{"index":"index","follow":"follow","max-snippet":"max-snippet:-1","max-image-preview":"max-image-preview:large","max-video-preview":"max-video-preview:-1"},"canonical":"https:\/\/forcadell.com\/ca\/consulta-els-nous-municipis-de-catalunya-que-safegiran-al-llistat-inicial-darees-tenses\/","og_locale":"ca_ES","og_type":"article","og_title":"Consulta els nous municipis de Catalunya que s\u2019afegiran al llistat inicial d\u2019\u00e0rees tenses - Forcadell","og_description":"Catalunya ha demanat la declaraci\u00f3 de mercat residencial tensat per a 131 municipis m\u00e9s. El departament de Territori de la Generalitat de Catalunya ha iniciat la tramitaci\u00f3 com a zona de mercat residencial tensat de 131 nous municipis. Aquests se sumen als 140 municipis \u00a0que ja va declarar en la resoluci\u00f3 publicada en el passat [&hellip;]","og_url":"https:\/\/forcadell.com\/ca\/consulta-els-nous-municipis-de-catalunya-que-safegiran-al-llistat-inicial-darees-tenses\/","og_site_name":"Forcadell","article_published_time":"2024-04-16T15:04:19+00:00","article_modified_time":"2024-09-25T15:34:17+00:00","og_image":[{"width":1280,"height":636,"url":"https:\/\/forcadell.com\/wp-content\/uploads\/2024\/09\/3554_Consulta-els-nous-municipis-de-Catalunya-que-safegiran-al-llistat-inicial-darees-tenses-_FORCADELL-1280x636.png","type":"image\/png"}],"author":"Joan S\u00e1nchez","twitter_card":"summary_large_image","twitter_misc":{"Escrit per":"Joan S\u00e1nchez","Temps estimat de lectura":"3 minuts"},"schema":{"@context":"https:\/\/schema.org","@graph":[{"@type":"WebPage","@id":"https:\/\/forcadell.com\/ca\/consulta-els-nous-municipis-de-catalunya-que-safegiran-al-llistat-inicial-darees-tenses\/","url":"https:\/\/forcadell.com\/ca\/consulta-els-nous-municipis-de-catalunya-que-safegiran-al-llistat-inicial-darees-tenses\/","name":"Consulta els nous municipis de Catalunya que s\u2019afegiran al llistat inicial d\u2019\u00e0rees tenses - Forcadell","isPartOf":{"@id":"https:\/\/forcadell.com\/ca\/#website"},"primaryImageOfPage":{"@id":"https:\/\/forcadell.com\/ca\/consulta-els-nous-municipis-de-catalunya-que-safegiran-al-llistat-inicial-darees-tenses\/#primaryimage"},"image":{"@id":"https:\/\/forcadell.com\/ca\/consulta-els-nous-municipis-de-catalunya-que-safegiran-al-llistat-inicial-darees-tenses\/#primaryimage"},"thumbnailUrl":"https:\/\/forcadell.com\/wp-content\/uploads\/2024\/09\/3554_Consulta-els-nous-municipis-de-Catalunya-que-safegiran-al-llistat-inicial-darees-tenses-_FORCADELL.png","datePublished":"2024-04-16T15:04:19+00:00","dateModified":"2024-09-25T15:34:17+00:00","author":{"@id":"https:\/\/forcadell.com\/ca\/#\/schema\/person\/1a2ac27005fa1cd1468319ce331748fb"},"breadcrumb":{"@id":"https:\/\/forcadell.com\/ca\/consulta-els-nous-municipis-de-catalunya-que-safegiran-al-llistat-inicial-darees-tenses\/#breadcrumb"},"inLanguage":"ca","potentialAction":[{"@type":"ReadAction","target":["https:\/\/forcadell.com\/ca\/consulta-els-nous-municipis-de-catalunya-que-safegiran-al-llistat-inicial-darees-tenses\/"]}]},{"@type":"ImageObject","inLanguage":"ca","@id":"https:\/\/forcadell.com\/ca\/consulta-els-nous-municipis-de-catalunya-que-safegiran-al-llistat-inicial-darees-tenses\/#primaryimage","url":"https:\/\/forcadell.com\/wp-content\/uploads\/2024\/09\/3554_Consulta-els-nous-municipis-de-Catalunya-que-safegiran-al-llistat-inicial-darees-tenses-_FORCADELL.png","contentUrl":"https:\/\/forcadell.com\/wp-content\/uploads\/2024\/09\/3554_Consulta-els-nous-municipis-de-Catalunya-que-safegiran-al-llistat-inicial-darees-tenses-_FORCADELL.png","width":1280,"height":840},{"@type":"BreadcrumbList","@id":"https:\/\/forcadell.com\/ca\/consulta-els-nous-municipis-de-catalunya-que-safegiran-al-llistat-inicial-darees-tenses\/#breadcrumb","itemListElement":[{"@type":"ListItem","position":1,"name":"Portada","item":"https:\/\/forcadell.com\/ca\/"},{"@type":"ListItem","position":2,"name":"Consulta els nous municipis de Catalunya que s\u2019afegiran al llistat inicial d\u2019\u00e0rees tenses"}]},{"@type":"WebSite","@id":"https:\/\/forcadell.com\/ca\/#website","url":"https:\/\/forcadell.com\/ca\/","name":"Forcadell","description":"Inmobiliaria Barcelona | Consultores inmobiliarios","potentialAction":[{"@type":"SearchAction","target":{"@type":"EntryPoint","urlTemplate":"https:\/\/forcadell.com\/ca\/?s={search_term_string}"},"query-input":{"@type":"PropertyValueSpecification","valueRequired":true,"valueName":"search_term_string"}}],"inLanguage":"ca"},{"@type":"Person","@id":"https:\/\/forcadell.com\/ca\/#\/schema\/person\/1a2ac27005fa1cd1468319ce331748fb","name":"Joan S\u00e1nchez","image":{"@type":"ImageObject","inLanguage":"ca","@id":"https:\/\/forcadell.com\/ca\/#\/schema\/person\/image\/","url":"https:\/\/secure.gravatar.com\/avatar\/140fe1cd99e5f4d205b3c578197d77b5?s=96&d=mm&r=g","contentUrl":"https:\/\/secure.gravatar.com\/avatar\/140fe1cd99e5f4d205b3c578197d77b5?s=96&d=mm&r=g","caption":"Joan S\u00e1nchez"}}]}},"_links":{"self":[{"href":"https:\/\/forcadell.com\/ca\/wp-json\/wp\/v2\/posts\/19572"}],"collection":[{"href":"https:\/\/forcadell.com\/ca\/wp-json\/wp\/v2\/posts"}],"about":[{"href":"https:\/\/forcadell.com\/ca\/wp-json\/wp\/v2\/types\/post"}],"author":[{"embeddable":true,"href":"https:\/\/forcadell.com\/ca\/wp-json\/wp\/v2\/users\/17"}],"replies":[{"embeddable":true,"href":"https:\/\/forcadell.com\/ca\/wp-json\/wp\/v2\/comments?post=19572"}],"version-history":[{"count":2,"href":"https:\/\/forcadell.com\/ca\/wp-json\/wp\/v2\/posts\/19572\/revisions"}],"predecessor-version":[{"id":20814,"href":"https:\/\/forcadell.com\/ca\/wp-json\/wp\/v2\/posts\/19572\/revisions\/20814"}],"wp:featuredmedia":[{"embeddable":true,"href":"https:\/\/forcadell.com\/ca\/wp-json\/wp\/v2\/media\/18063"}],"wp:attachment":[{"href":"https:\/\/forcadell.com\/ca\/wp-json\/wp\/v2\/media?parent=19572"}],"wp:term":[{"taxonomy":"category","embeddable":true,"href":"https:\/\/forcadell.com\/ca\/wp-json\/wp\/v2\/categories?post=19572"},{"taxonomy":"post_tag","embeddable":true,"href":"https:\/\/forcadell.com\/ca\/wp-json\/wp\/v2\/tags?post=19572"}],"curies":[{"name":"wp","href":"https:\/\/api.w.org\/{rel}","templated":true}]}}