{"id":19558,"date":"2024-02-22T17:04:00","date_gmt":"2024-02-22T15:04:00","guid":{"rendered":"https:\/\/\/transportes-cargo-installa-la-seva-nova-seu-en-una-nau-logistica-a-barbera-del-valles\/"},"modified":"2024-09-13T17:19:07","modified_gmt":"2024-09-13T15:19:07","slug":"transportes-cargo-installa-la-seva-nova-seu-en-una-nau-logistica-a-barbera-del-valles","status":"publish","type":"post","link":"https:\/\/forcadell.com\/ca\/transportes-cargo-installa-la-seva-nova-seu-en-una-nau-logistica-a-barbera-del-valles\/","title":{"rendered":"Transportes Cargo instal\u00b7la la seva nova seu en una nau log\u00edstica a Barber\u00e0 del Vall\u00e8s"},"content":{"rendered":"<p><em>La companyia es troba en proc&eacute;s d&#039;expansi&oacute; i amplia les seves instal&middot;lacions a Catalunya, assessorada per FORCADELL.<\/em><\/p>\n<\/p>\n<p><strong>L&#039;empresa <a href=\"https:\/\/www.transportescargo.es\/\" target=\"_blank\" rel=\"noopener\">Transportes Cargo<\/a> ha llogat una nau log&iacute;stica situada al Pol&iacute;gon Industrial de Can Salvatella, a Barber&agrave; del Vall&egrave;s<\/strong> (Barcelona). Es tracta d&#039;una <strong>nau adossada tipus B amb una superf&iacute;cie total de 2.310 m&sup2;<\/strong>, estructura de formig&oacute;, coberta sandvitx, 15 molls de c&agrave;rrega, altura de 8 metres, places d&#039;aparcament i espai d&#039;oficines. Disposa d&#039;<strong>excel&middot;lents comunicacions<\/strong>, al costat de l&#039;autopista AP-7, i queda a 23 km del centre de la Ciutat Comtal, a 27 km del Port de Barcelona i a 35 km de l&#039;Aeroport de Barcelona.&nbsp;<\/p>\n<p>L&#039;empresa de transports urgents de mercaderia paletitzada es troba <strong>en ple proc&eacute;s de creixement<\/strong> i ha decidit traslladar la seva seu amb l&#039;objectiu d&#039;<strong>optimitzar la seva activitat a Catalunya<\/strong>, en una operaci&oacute; mitjan&ccedil;ada per <a href=\"https:\/\/www.forcadell.com\/\" target=\"_blank\" rel=\"noopener\">FORCADELL<\/a>.<\/p>\n<p>Segons Gerard Plana, director d&#039;<a href=\"https:\/\/www.forcadellindustrial.com\/\" target=\"_blank\" rel=\"noopener\">Industrial-Log&iacute;stica de FORCADELL<\/a>, &quot;<strong>les naus log&iacute;stiques amb una r&agrave;tio de molls molt alta i aptes per a transport i <em>cross-dock<\/em> tenen una disponibilitat nul&middot;la i una molt bona sortida al mercat<\/strong>, especialment en pol&iacute;gons com Can Salvatella, que t&eacute; acc&eacute;s directe a l&#039;AP-7&quot;.<\/p>\n<p>Transportes Cargo compta amb <strong>m&eacute;s de 30 anys d&#039;experi&egrave;ncia en el sector del transport<\/strong>. Estan especialitzats en <strong>transport urgent de mercaderia paletitzada<\/strong> a Espanya, Andorra i Portugal. Entre els seus serveis m&eacute;s innovadors destaca el <strong>LTL per a la mercaderia de gran consum i l&#039;etiqueta VIP per garantir un tracte preferent<\/strong>. Es distingeix per la seva eficient gesti&oacute; i processos, aix&iacute; com per una <strong>plataforma tecnol&ograve;gica moderna<\/strong> que permet als clients monitorar l&#039;estat de les seves mercaderies en temps real.<\/p>\n","protected":false},"excerpt":{"rendered":"<p>La companyia es troba en proc&eacute;s d&#039;expansi&oacute; i amplia les seves instal&middot;lacions a Catalunya, assessorada per FORCADELL. L&#039;empresa Transportes Cargo ha llogat una nau log&iacute;stica situada al Pol&iacute;gon Industrial de Can Salvatella, a Barber&agrave; del Vall&egrave;s (Barcelona). Es tracta d&#039;una nau adossada tipus B amb una superf&iacute;cie total de 2.310 m&sup2;, estructura de formig&oacute;, coberta [&hellip;]<\/p>\n","protected":false},"author":0,"featured_media":19758,"comment_status":"closed","ping_status":"open","sticky":false,"template":"","format":"standard","meta":{"_acf_changed":false,"footnotes":""},"categories":[77,71],"tags":[],"class_list":["post-19558","post","type-post","status-publish","format-standard","has-post-thumbnail","hentry","category-corporatiu","category-corporativo"],"acf":[],"yoast_head":"<!-- This site is optimized with the Yoast SEO plugin v25.6 - https:\/\/yoast.com\/wordpress\/plugins\/seo\/ -->\n<title>Transportes Cargo instal\u00b7la la seva nova seu en una nau log\u00edstica a Barber\u00e0 del Vall\u00e8s - Forcadell<\/title>\n<meta name=\"robots\" content=\"index, follow, max-snippet:-1, max-image-preview:large, max-video-preview:-1\" \/>\n<link rel=\"canonical\" href=\"https:\/\/forcadell.com\/ca\/transportes-cargo-installa-la-seva-nova-seu-en-una-nau-logistica-a-barbera-del-valles\/\" \/>\n<meta property=\"og:locale\" content=\"ca_ES\" \/>\n<meta property=\"og:type\" content=\"article\" \/>\n<meta property=\"og:title\" content=\"Transportes Cargo instal\u00b7la la seva nova seu en una nau log\u00edstica a Barber\u00e0 del Vall\u00e8s - Forcadell\" \/>\n<meta property=\"og:description\" content=\"La companyia es troba en proc&eacute;s d&#039;expansi&oacute; i amplia les seves instal&middot;lacions a Catalunya, assessorada per FORCADELL. L&#039;empresa Transportes Cargo ha llogat una nau log&iacute;stica situada al Pol&iacute;gon Industrial de Can Salvatella, a Barber&agrave; del Vall&egrave;s (Barcelona). Es tracta d&#039;una nau adossada tipus B amb una superf&iacute;cie total de 2.310 m&sup2;, estructura de formig&oacute;, coberta [&hellip;]\" \/>\n<meta property=\"og:url\" content=\"https:\/\/forcadell.com\/ca\/transportes-cargo-installa-la-seva-nova-seu-en-una-nau-logistica-a-barbera-del-valles\/\" \/>\n<meta property=\"og:site_name\" content=\"Forcadell\" \/>\n<meta property=\"article:published_time\" content=\"2024-02-22T15:04:00+00:00\" \/>\n<meta property=\"article:modified_time\" content=\"2024-09-13T15:19:07+00:00\" \/>\n<meta property=\"og:image\" content=\"https:\/\/forcadell.com\/wp-content\/uploads\/2024\/09\/20240222102251-nau-logistica-transportes-cargo.jpg\" \/>\n\t<meta property=\"og:image:width\" content=\"2560\" \/>\n\t<meta property=\"og:image:height\" content=\"1680\" \/>\n\t<meta property=\"og:image:type\" content=\"image\/jpeg\" \/>\n<meta name=\"twitter:card\" content=\"summary_large_image\" \/>\n<meta name=\"twitter:label1\" content=\"Temps estimat de lectura\" \/>\n\t<meta name=\"twitter:data1\" content=\"2 minuts\" \/>\n<!-- \/ Yoast SEO plugin. -->","yoast_head_json":{"title":"Transportes Cargo instal\u00b7la la seva nova seu en una nau log\u00edstica a Barber\u00e0 del Vall\u00e8s - Forcadell","robots":{"index":"index","follow":"follow","max-snippet":"max-snippet:-1","max-image-preview":"max-image-preview:large","max-video-preview":"max-video-preview:-1"},"canonical":"https:\/\/forcadell.com\/ca\/transportes-cargo-installa-la-seva-nova-seu-en-una-nau-logistica-a-barbera-del-valles\/","og_locale":"ca_ES","og_type":"article","og_title":"Transportes Cargo instal\u00b7la la seva nova seu en una nau log\u00edstica a Barber\u00e0 del Vall\u00e8s - Forcadell","og_description":"La companyia es troba en proc&eacute;s d&#039;expansi&oacute; i amplia les seves instal&middot;lacions a Catalunya, assessorada per FORCADELL. L&#039;empresa Transportes Cargo ha llogat una nau log&iacute;stica situada al Pol&iacute;gon Industrial de Can Salvatella, a Barber&agrave; del Vall&egrave;s (Barcelona). Es tracta d&#039;una nau adossada tipus B amb una superf&iacute;cie total de 2.310 m&sup2;, estructura de formig&oacute;, coberta [&hellip;]","og_url":"https:\/\/forcadell.com\/ca\/transportes-cargo-installa-la-seva-nova-seu-en-una-nau-logistica-a-barbera-del-valles\/","og_site_name":"Forcadell","article_published_time":"2024-02-22T15:04:00+00:00","article_modified_time":"2024-09-13T15:19:07+00:00","og_image":[{"width":2560,"height":1680,"url":"https:\/\/forcadell.com\/wp-content\/uploads\/2024\/09\/20240222102251-nau-logistica-transportes-cargo.jpg","type":"image\/jpeg"}],"twitter_card":"summary_large_image","twitter_misc":{"Temps estimat de lectura":"2 minuts"},"schema":{"@context":"https:\/\/schema.org","@graph":[{"@type":"WebPage","@id":"https:\/\/forcadell.com\/ca\/transportes-cargo-installa-la-seva-nova-seu-en-una-nau-logistica-a-barbera-del-valles\/","url":"https:\/\/forcadell.com\/ca\/transportes-cargo-installa-la-seva-nova-seu-en-una-nau-logistica-a-barbera-del-valles\/","name":"Transportes Cargo instal\u00b7la la seva nova seu en una nau log\u00edstica a Barber\u00e0 del Vall\u00e8s - Forcadell","isPartOf":{"@id":"https:\/\/forcadell.com\/ca\/#website"},"primaryImageOfPage":{"@id":"https:\/\/forcadell.com\/ca\/transportes-cargo-installa-la-seva-nova-seu-en-una-nau-logistica-a-barbera-del-valles\/#primaryimage"},"image":{"@id":"https:\/\/forcadell.com\/ca\/transportes-cargo-installa-la-seva-nova-seu-en-una-nau-logistica-a-barbera-del-valles\/#primaryimage"},"thumbnailUrl":"https:\/\/forcadell.com\/wp-content\/uploads\/2024\/09\/20240222102251-nau-logistica-transportes-cargo.jpg","datePublished":"2024-02-22T15:04:00+00:00","dateModified":"2024-09-13T15:19:07+00:00","author":{"@id":""},"breadcrumb":{"@id":"https:\/\/forcadell.com\/ca\/transportes-cargo-installa-la-seva-nova-seu-en-una-nau-logistica-a-barbera-del-valles\/#breadcrumb"},"inLanguage":"ca","potentialAction":[{"@type":"ReadAction","target":["https:\/\/forcadell.com\/ca\/transportes-cargo-installa-la-seva-nova-seu-en-una-nau-logistica-a-barbera-del-valles\/"]}]},{"@type":"ImageObject","inLanguage":"ca","@id":"https:\/\/forcadell.com\/ca\/transportes-cargo-installa-la-seva-nova-seu-en-una-nau-logistica-a-barbera-del-valles\/#primaryimage","url":"https:\/\/forcadell.com\/wp-content\/uploads\/2024\/09\/20240222102251-nau-logistica-transportes-cargo.jpg","contentUrl":"https:\/\/forcadell.com\/wp-content\/uploads\/2024\/09\/20240222102251-nau-logistica-transportes-cargo.jpg","width":2560,"height":1680},{"@type":"BreadcrumbList","@id":"https:\/\/forcadell.com\/ca\/transportes-cargo-installa-la-seva-nova-seu-en-una-nau-logistica-a-barbera-del-valles\/#breadcrumb","itemListElement":[{"@type":"ListItem","position":1,"name":"Portada","item":"https:\/\/forcadell.com\/ca\/"},{"@type":"ListItem","position":2,"name":"Transportes Cargo instal\u00b7la la seva nova seu en una nau log\u00edstica a Barber\u00e0 del Vall\u00e8s"}]},{"@type":"WebSite","@id":"https:\/\/forcadell.com\/ca\/#website","url":"https:\/\/forcadell.com\/ca\/","name":"Forcadell","description":"Inmobiliaria Barcelona | Consultores inmobiliarios","potentialAction":[{"@type":"SearchAction","target":{"@type":"EntryPoint","urlTemplate":"https:\/\/forcadell.com\/ca\/?s={search_term_string}"},"query-input":{"@type":"PropertyValueSpecification","valueRequired":true,"valueName":"search_term_string"}}],"inLanguage":"ca"}]}},"_links":{"self":[{"href":"https:\/\/forcadell.com\/ca\/wp-json\/wp\/v2\/posts\/19558"}],"collection":[{"href":"https:\/\/forcadell.com\/ca\/wp-json\/wp\/v2\/posts"}],"about":[{"href":"https:\/\/forcadell.com\/ca\/wp-json\/wp\/v2\/types\/post"}],"replies":[{"embeddable":true,"href":"https:\/\/forcadell.com\/ca\/wp-json\/wp\/v2\/comments?post=19558"}],"version-history":[{"count":1,"href":"https:\/\/forcadell.com\/ca\/wp-json\/wp\/v2\/posts\/19558\/revisions"}],"predecessor-version":[{"id":19761,"href":"https:\/\/forcadell.com\/ca\/wp-json\/wp\/v2\/posts\/19558\/revisions\/19761"}],"wp:featuredmedia":[{"embeddable":true,"href":"https:\/\/forcadell.com\/ca\/wp-json\/wp\/v2\/media\/19758"}],"wp:attachment":[{"href":"https:\/\/forcadell.com\/ca\/wp-json\/wp\/v2\/media?parent=19558"}],"wp:term":[{"taxonomy":"category","embeddable":true,"href":"https:\/\/forcadell.com\/ca\/wp-json\/wp\/v2\/categories?post=19558"},{"taxonomy":"post_tag","embeddable":true,"href":"https:\/\/forcadell.com\/ca\/wp-json\/wp\/v2\/tags?post=19558"}],"curies":[{"name":"wp","href":"https:\/\/api.w.org\/{rel}","templated":true}]}}