{"id":19547,"date":"2023-11-11T17:04:00","date_gmt":"2023-11-11T15:04:00","guid":{"rendered":"https:\/\/\/la-recessio-immobiliaria-continuara-el-2024\/"},"modified":"2024-09-13T17:21:14","modified_gmt":"2024-09-13T15:21:14","slug":"la-recessio-immobiliaria-continuara-el-2024","status":"publish","type":"post","link":"https:\/\/forcadell.com\/ca\/la-recessio-immobiliaria-continuara-el-2024\/","title":{"rendered":"La recessi\u00f3 immobili\u00e0ria continuar\u00e0 el 2024"},"content":{"rendered":"<p><em>FORCADELL i la Universitat de Barcelona han presentat aquest mat&iacute; les principals conclusions i perspectives de l&#039;Informe del Mercat Immobiliari, Actualitat i Perspectives 2023.<\/em><\/p>\n<p><em>La presentaci&oacute; de l&#039;Informe per a professionals del sector tindr&agrave; lloc dem&agrave; dia 9, en versi&oacute; oberta i en streaming a trav&eacute;s de <a href=\"https:\/\/www.youtube.com\/watch?v=RoHyXvDt57w\" target=\"_blank\" rel=\"noopener\">Youtube<\/a>.<\/em><\/p>\n<p><em><img decoding=\"async\" alt=\"\" src=\"https:\/wp-content\/uploads\/2024\/09\/20231108034429-informe-forcadell-ub-2023-896x636.png\" \/><\/em><\/p>\n<p>FORCADELL i la <a href=\"https:\/\/web.ub.edu\/inici\" target=\"_blank\" rel=\"noopener\">Universitat de Barcelona (UB)<\/a> han presentat aquest mat&iacute; en roda de premsa <strong>les principals conclusions de l&#039;Informe del Mercat Immobiliari, Actualitat i Perspectives 2023<\/strong>. Un exercici on els protagonistes han estat <strong>la Llei de l&#039;Habitatge, la pujada dels tipus d&#039;inter&egrave;s del BCE i la reducci&oacute; del nou cr&egrave;dit proporcionat pels bancs<\/strong>. Tres elements negatius que han provocat l&#039;entrada en recessi&oacute; del mercat residencial de venda, una important contracci&oacute; de l&#039;oferta del lloguer convencional i la disminuci&oacute; del preu de nombrosos actius comercials.<\/p>\n<p>L&#039;acte de presentaci&oacute; als mitjans ha anat a c&agrave;rrec d&#039;<strong>Ivan Vaqu&eacute;, CEO de <a href=\"https:\/\/www.forcadell.com\/\" target=\"_blank\" rel=\"noopener\">FORCADELL<\/a><\/strong>, i del <strong>Dr. Gonzalo Bernardos<\/strong>, professor titular d&#039;Economia de la UB i Director del M&agrave;ster d&#039;Assessoria, Gesti&oacute; i Promoci&oacute; Immobili&agrave;ria de la UB.<\/p>\n<p>L&#039;informe 2023 FORCADELL &ndash; UB est&agrave; dividit en cinc cap&iacute;tols on es duu a terme un recorregut per<strong> la conjuntura econ&ograve;mica nacional i internacional de 2023 i la situaci&oacute; actual<\/strong>. A m&eacute;s, s&#039;aprofundeix en les perspectives dels mercats d&#039;habitatge de propietat, lloguer, oficines, locals i naus log&iacute;stiques i industrials a Espanya. Aquesta edici&oacute; tamb&eacute; incorpora una secci&oacute; dedicada a l&#039;habitatge als Estats Units.<\/p>\n<p>&nbsp;<\/p>\n<p><strong>Principals conclusions de l&#039;Informe FORCADELL &ndash; UB 2023<\/strong><\/p>\n<h2><strong>MERCAT RESIDENCIAL DE VENDA<\/strong><\/h2>\n<p>1) El 2023,<strong> el mercat residencial de venda ha entrat en recessi&oacute;<\/strong>. La venda d&#039;habitatges disminuir&agrave; un 15% i el preu un 5%. Les principals causes s&oacute;n l&#039;elevada pujada dels tipus d&#039;inter&egrave;s del BCE i la reducci&oacute; del nou cr&egrave;dit bancari. Els dos &uacute;ltims factors han provocat l&#039;exclusi&oacute; del mercat d&#039;un elevat nombre de compradors potencials i l&#039;adquisici&oacute; d&#039;habitatges per un import inferior al del passat any.<\/p>\n<p>2)&nbsp;<strong>En el segment d&#039;obra nova, el preu el 2023 ha continuat pujant<\/strong>. En primer lloc, perqu&egrave; gaireb&eacute; tots els habitatges escripturats es van vendre sobre pla en 2022 i ho van fer a un preu significativament superior al de l&#039;any anterior. En segon, per l&#039;escassa oferta. A l&#039;actual exercici, la construcci&oacute; de nous immobles ascendir&agrave; aproximadament a 105.000. Indubtablement, una quantia escassa, perqu&egrave; la demanda potencial ascendiria al voltant de 250.000 llars, si una gran part d&#039;elles estiguessin destinades a la classe mitjana.<\/p>\n<p>3) El<strong> 2024, la recessi&oacute; immobili&agrave;ria continuar&agrave;<\/strong>, perqu&egrave; les transaccions baixaran un 10% i el preu ho far&agrave; un 3%. Els principals factors seran un menor creixement econ&ograve;mic (al voltant del 1,5%), una inferior creaci&oacute; d&#039;ocupaci&oacute; i la persist&egrave;ncia de tipus d&#039;inter&egrave;s elevats, encara que aquests descendiran al llarg de l&#039;exercici.<\/p>\n<p>4)&nbsp;L&#039;any vinent, el primer semestre ser&agrave; pitjor que el segon, perqu&egrave; <strong>els tipus d&#039;inter&egrave;s baixaran a partir de maig de 2024 i l&#039;economia comen&ccedil;ar&agrave; a reactivar-se<\/strong>. A final de l&#039;exercici, el tipus principal del BCE ser&agrave; com a m&agrave;xim d&#039;un 3,5%. La disminuci&oacute; d&#039;aquest tipus, aix&iacute; com un major creixement econ&ograve;mic, faran que en el segon semestre comenci la recuperaci&oacute; del mercat residencial. No obstant aix&ograve;, aquesta encara ser&agrave; feble.<\/p>\n<p>5) El 2024, <strong>la inversi&oacute; residencial patrimonialista es despla&ccedil;ar&agrave;<\/strong> des de les autonomies on hi ha un control de preus a les quals no existeix un ni hi hagi perspectives que pugui apar&egrave;ixer en els pr&ograve;xims anys. El mercat m&eacute;s perjudicat ser&agrave; el de Barcelona i els m&eacute;s beneficiats els de Madrid i M&agrave;laga. No obstant aix&ograve;, en el conjunt d&#039;Espanya, la inseguretat jur&iacute;dica i un esc&agrave;s creixement econ&ograve;mic faran que el seu import continu&iuml; sent inferior al de 2022.<\/p>\n<h2><strong>MERCAT RESIDENCIAL DE LLOGUER<\/strong><\/h2>\n<p>1) El 2023, <strong>l&#039;expectativa d&#039;implantaci&oacute; d&#039;un control de preus ha espantat els propietaris<\/strong> i aquests han redu&iuml;t l&#039;oferta d&#039;habitatges. Aquesta disminuci&oacute; ha generat una gran escassetat d&#039;immobles i provocat que sigui habitual en les grans ciutats que hi hagi m&eacute;s de 10 interessats per cada habitatge disponible. Els exclosos del mercat s&oacute;n els que te&ograve;ricament la llei pretenia afavorir: les fam&iacute;lies amb menys ingressos.<\/p>\n<p>2)&nbsp;L&#039;entrada en vigor de la nova norma provocar&agrave; <strong>un gran despla&ccedil;ament d&#039;habitatges des del mercat convencional al d&#039;arrendament de temporada i al tur&iacute;stic<\/strong> en aquelles localitats on encara &eacute;s possible aconseguir una llic&egrave;ncia. Una tend&egrave;ncia ja observada a Catalunya quan al setembre de 2020 es va establir un control de preus.<\/p>\n<p>3)&nbsp;El <strong>2023, el preu del lloguer augmentar&agrave; un 7,5%<\/strong>. La principal causa ser&agrave; l&#039;elevat exc&eacute;s de demanda generat pels escassos incentius i les noves penalitzacions que tenen els inversors, si desitgen adquirir un habitatge i destinar-la a l&#039;arrendament. Un increment que ha portat a nombrosos joves a llogar una habitaci&oacute; i convertit als <em>colivings<\/em> en un gran &egrave;xit. &Eacute;s bastant habitual que la seva taxa d&#039;ocupaci&oacute; superi el 95%.<\/p>\n<p>4) El 2024, els problemes per a accedir a un habitatge s&#039;aguditzaran. <strong>L&#039;oferta continuar&agrave; sent molt redu&iuml;da i la demanda elevada<\/strong>. La insatisfacci&oacute; de l&#039;&uacute;ltima portar&agrave; a les habitacions a ser el mercat estrella, especialment en les grans ciutats. A Espanya, l&#039;import de l&#039;arrendament convencional augmentar&agrave; al voltant d&#039;un 3%. No obstant aix&ograve;, gaireb&eacute; un 10% el de les habitacions.<\/p>\n<h2><strong>MERCAT TERCIARI<\/strong><\/h2>\n<p>1) El 2023, l&#039;augment dels tipus d&#039;inter&egrave;s ha provocat un<strong> increment de la rendibilitat exigida pels demandants<\/strong> i ha comportat al seu torn una disminuci&oacute; del preu de mercat. Les conseq&uuml;&egrave;ncies principals han estat dues: una reducci&oacute; de la inversi&oacute; en immobles d&#039;un 72% en el primer semestre i una caiguda del preu en la majoria de les transaccions realitzades.<\/p>\n<p>2)&nbsp;<strong>Al mercat de naus log&iacute;stiques &eacute;s essencial distingir entre Barcelona i Madrid<\/strong>. La primera ubicaci&oacute; &eacute;s bastant m&eacute;s valorada que la segona pels inversors. Una major valoraci&oacute; sustentada principalment en l&#039;expectativa d&#039;una menor oferta en la capital catalana que en la d&#039;Espanya. La redu&iuml;da oferta existent als voltants de Barcelona ha perm&egrave;s una escassa taxa de desocupaci&oacute; de les naus log&iacute;stiques. No obstant aix&ograve;, aquesta variable augmentar&agrave; durant l&#039;any vinent a causa de l&#039;evoluci&oacute; de l&#039;economia espanyola. Malgrat aix&ograve;, en 2024 aquesta taxa se situar&agrave; significativament per sota del 10%.<\/p>\n<p>3) <strong>En 2023, en el mercat de locals comercials, la reactivaci&oacute; ha vingut de la m&agrave; del turisme<\/strong>. Per aix&ograve;, els carrers m&eacute;s afavorits han estat les m&eacute;s transitades de Ciutat Vella i la part m&eacute;s glamurosa i tur&iacute;stica de l&rsquo;Eixample. Una conjuntura que es repetir&agrave; en 2024, perqu&egrave; els ciutadans europeus continuaran viatjant gaireb&eacute; tant com ho han fet en l&#039;&uacute;ltim any, malgrat la deficient situaci&oacute; econ&ograve;mica.<\/p>\n<p>4) <strong>El mercat amb pitjor evoluci&oacute; ha estat el d&#039;oficines<\/strong> que ha entrat en una crisi que durar&agrave; almenys un lustre a Barcelona i un trienni a Madrid. En el districte 22@, el lloc on hi ha una major concentraci&oacute; d&#039;empreses innovadores, existeix un exc&eacute;s d&#039;oferta equivalent a 350.000 m&sup2;. Un import fins i tot superior a l&#039;observat en qualsevol any del per&iacute;ode 2008 &ndash; 13.<\/p>\n<p>5) <strong>A l&#039;actual any, l&#039;oferta i demanda d&#039;immobles no s&#039;han trobat<\/strong>. Els fons d&#039;inversi&oacute; no han volgut reduir significativament el preu de venda i els compradors han pret&egrave;s pagar bastant menys que el passat exercici. &Eacute;s el que normalment succeeix quan en un exercici augmenten molt els tipus d&#039;inter&egrave;s.<\/p>\n<p>6) <strong>L&#039;any vinent seguir&agrave; la crisi del mercat d&#039;oficines per l&#039;elevat exc&eacute;s d&#039;oferta existent.<\/strong> L&#039;esc&agrave;s creixement econ&ograve;mic repercutir&agrave; negativament sobre l&#039;ocupaci&oacute; de la totalitat dels segments comercials.<\/p>\n<p>7) <strong>Excepte al mercat d&#039;oficines, la inversi&oacute; realitzada augmentar&agrave;<\/strong>, perqu&egrave; els demandants estaran disposats a pagar alguna cosa m&eacute;s i els oferents a disminuir tamb&eacute; una mica m&eacute;s l&#039;import demandat. Els primers a causa de la reducci&oacute; dels tipus d&#039;inter&egrave;s i els segons perqu&egrave; alguns propietaris necessitaran liquiditat.<\/p>\n","protected":false},"excerpt":{"rendered":"<p>FORCADELL i la Universitat de Barcelona han presentat aquest mat&iacute; les principals conclusions i perspectives de l&#039;Informe del Mercat Immobiliari, Actualitat i Perspectives 2023. La presentaci&oacute; de l&#039;Informe per a professionals del sector tindr&agrave; lloc dem&agrave; dia 9, en versi&oacute; oberta i en streaming a trav&eacute;s de Youtube. FORCADELL i la Universitat de Barcelona (UB) [&hellip;]<\/p>\n","protected":false},"author":0,"featured_media":18222,"comment_status":"closed","ping_status":"open","sticky":false,"template":"","format":"standard","meta":{"_acf_changed":false,"footnotes":""},"categories":[69,75],"tags":[],"class_list":["post-19547","post","type-post","status-publish","format-standard","has-post-thumbnail","hentry","category-actualidad-de-mercado","category-actualitat-de-mercat"],"acf":[],"yoast_head":"<!-- This site is optimized with the Yoast SEO plugin v25.6 - https:\/\/yoast.com\/wordpress\/plugins\/seo\/ -->\n<title>La recessi\u00f3 immobili\u00e0ria continuar\u00e0 el 2024 - Forcadell<\/title>\n<meta name=\"robots\" content=\"index, follow, max-snippet:-1, max-image-preview:large, max-video-preview:-1\" \/>\n<link rel=\"canonical\" href=\"https:\/\/forcadell.com\/ca\/la-recessio-immobiliaria-continuara-el-2024\/\" \/>\n<meta property=\"og:locale\" content=\"ca_ES\" \/>\n<meta property=\"og:type\" content=\"article\" \/>\n<meta property=\"og:title\" content=\"La recessi\u00f3 immobili\u00e0ria continuar\u00e0 el 2024 - Forcadell\" \/>\n<meta property=\"og:description\" content=\"FORCADELL i la Universitat de Barcelona han presentat aquest mat&iacute; les principals conclusions i perspectives de l&#039;Informe del Mercat Immobiliari, Actualitat i Perspectives 2023. La presentaci&oacute; de l&#039;Informe per a professionals del sector tindr&agrave; lloc dem&agrave; dia 9, en versi&oacute; oberta i en streaming a trav&eacute;s de Youtube. FORCADELL i la Universitat de Barcelona (UB) [&hellip;]\" \/>\n<meta property=\"og:url\" content=\"https:\/\/forcadell.com\/ca\/la-recessio-immobiliaria-continuara-el-2024\/\" \/>\n<meta property=\"og:site_name\" content=\"Forcadell\" \/>\n<meta property=\"article:published_time\" content=\"2023-11-11T15:04:00+00:00\" \/>\n<meta property=\"article:modified_time\" content=\"2024-09-13T15:21:14+00:00\" \/>\n<meta property=\"og:image\" content=\"https:\/\/forcadell.com\/wp-content\/uploads\/2024\/09\/3467_Informe-FORCADELL-UB-2023-1360x636.png\" \/>\n\t<meta property=\"og:image:width\" content=\"1360\" \/>\n\t<meta property=\"og:image:height\" content=\"636\" \/>\n\t<meta property=\"og:image:type\" content=\"image\/png\" \/>\n<meta name=\"twitter:card\" content=\"summary_large_image\" \/>\n<meta name=\"twitter:label1\" content=\"Temps estimat de lectura\" \/>\n\t<meta name=\"twitter:data1\" content=\"8 minuts\" \/>\n<!-- \/ Yoast SEO plugin. -->","yoast_head_json":{"title":"La recessi\u00f3 immobili\u00e0ria continuar\u00e0 el 2024 - Forcadell","robots":{"index":"index","follow":"follow","max-snippet":"max-snippet:-1","max-image-preview":"max-image-preview:large","max-video-preview":"max-video-preview:-1"},"canonical":"https:\/\/forcadell.com\/ca\/la-recessio-immobiliaria-continuara-el-2024\/","og_locale":"ca_ES","og_type":"article","og_title":"La recessi\u00f3 immobili\u00e0ria continuar\u00e0 el 2024 - Forcadell","og_description":"FORCADELL i la Universitat de Barcelona han presentat aquest mat&iacute; les principals conclusions i perspectives de l&#039;Informe del Mercat Immobiliari, Actualitat i Perspectives 2023. La presentaci&oacute; de l&#039;Informe per a professionals del sector tindr&agrave; lloc dem&agrave; dia 9, en versi&oacute; oberta i en streaming a trav&eacute;s de Youtube. FORCADELL i la Universitat de Barcelona (UB) [&hellip;]","og_url":"https:\/\/forcadell.com\/ca\/la-recessio-immobiliaria-continuara-el-2024\/","og_site_name":"Forcadell","article_published_time":"2023-11-11T15:04:00+00:00","article_modified_time":"2024-09-13T15:21:14+00:00","og_image":[{"width":1360,"height":636,"url":"https:\/\/forcadell.com\/wp-content\/uploads\/2024\/09\/3467_Informe-FORCADELL-UB-2023-1360x636.png","type":"image\/png"}],"twitter_card":"summary_large_image","twitter_misc":{"Temps estimat de lectura":"8 minuts"},"schema":{"@context":"https:\/\/schema.org","@graph":[{"@type":"WebPage","@id":"https:\/\/forcadell.com\/ca\/la-recessio-immobiliaria-continuara-el-2024\/","url":"https:\/\/forcadell.com\/ca\/la-recessio-immobiliaria-continuara-el-2024\/","name":"La recessi\u00f3 immobili\u00e0ria continuar\u00e0 el 2024 - Forcadell","isPartOf":{"@id":"https:\/\/forcadell.com\/ca\/#website"},"primaryImageOfPage":{"@id":"https:\/\/forcadell.com\/ca\/la-recessio-immobiliaria-continuara-el-2024\/#primaryimage"},"image":{"@id":"https:\/\/forcadell.com\/ca\/la-recessio-immobiliaria-continuara-el-2024\/#primaryimage"},"thumbnailUrl":"https:\/\/forcadell.com\/wp-content\/uploads\/2024\/09\/3467_Informe-FORCADELL-UB-2023.png","datePublished":"2023-11-11T15:04:00+00:00","dateModified":"2024-09-13T15:21:14+00:00","author":{"@id":""},"breadcrumb":{"@id":"https:\/\/forcadell.com\/ca\/la-recessio-immobiliaria-continuara-el-2024\/#breadcrumb"},"inLanguage":"ca","potentialAction":[{"@type":"ReadAction","target":["https:\/\/forcadell.com\/ca\/la-recessio-immobiliaria-continuara-el-2024\/"]}]},{"@type":"ImageObject","inLanguage":"ca","@id":"https:\/\/forcadell.com\/ca\/la-recessio-immobiliaria-continuara-el-2024\/#primaryimage","url":"https:\/\/forcadell.com\/wp-content\/uploads\/2024\/09\/3467_Informe-FORCADELL-UB-2023.png","contentUrl":"https:\/\/forcadell.com\/wp-content\/uploads\/2024\/09\/3467_Informe-FORCADELL-UB-2023.png","width":2668,"height":1751},{"@type":"BreadcrumbList","@id":"https:\/\/forcadell.com\/ca\/la-recessio-immobiliaria-continuara-el-2024\/#breadcrumb","itemListElement":[{"@type":"ListItem","position":1,"name":"Portada","item":"https:\/\/forcadell.com\/ca\/"},{"@type":"ListItem","position":2,"name":"La recessi\u00f3 immobili\u00e0ria continuar\u00e0 el 2024"}]},{"@type":"WebSite","@id":"https:\/\/forcadell.com\/ca\/#website","url":"https:\/\/forcadell.com\/ca\/","name":"Forcadell","description":"Inmobiliaria Barcelona | Consultores inmobiliarios","potentialAction":[{"@type":"SearchAction","target":{"@type":"EntryPoint","urlTemplate":"https:\/\/forcadell.com\/ca\/?s={search_term_string}"},"query-input":{"@type":"PropertyValueSpecification","valueRequired":true,"valueName":"search_term_string"}}],"inLanguage":"ca"}]}},"_links":{"self":[{"href":"https:\/\/forcadell.com\/ca\/wp-json\/wp\/v2\/posts\/19547"}],"collection":[{"href":"https:\/\/forcadell.com\/ca\/wp-json\/wp\/v2\/posts"}],"about":[{"href":"https:\/\/forcadell.com\/ca\/wp-json\/wp\/v2\/types\/post"}],"replies":[{"embeddable":true,"href":"https:\/\/forcadell.com\/ca\/wp-json\/wp\/v2\/comments?post=19547"}],"version-history":[{"count":1,"href":"https:\/\/forcadell.com\/ca\/wp-json\/wp\/v2\/posts\/19547\/revisions"}],"predecessor-version":[{"id":19802,"href":"https:\/\/forcadell.com\/ca\/wp-json\/wp\/v2\/posts\/19547\/revisions\/19802"}],"wp:featuredmedia":[{"embeddable":true,"href":"https:\/\/forcadell.com\/ca\/wp-json\/wp\/v2\/media\/18222"}],"wp:attachment":[{"href":"https:\/\/forcadell.com\/ca\/wp-json\/wp\/v2\/media?parent=19547"}],"wp:term":[{"taxonomy":"category","embeddable":true,"href":"https:\/\/forcadell.com\/ca\/wp-json\/wp\/v2\/categories?post=19547"},{"taxonomy":"post_tag","embeddable":true,"href":"https:\/\/forcadell.com\/ca\/wp-json\/wp\/v2\/tags?post=19547"}],"curies":[{"name":"wp","href":"https:\/\/api.w.org\/{rel}","templated":true}]}}