{"id":59217,"date":"2025-11-13T10:39:05","date_gmt":"2025-11-13T08:39:05","guid":{"rendered":"https:\/\/www.forcadell.com\/?post_type=landings_post&#038;p=59217"},"modified":"2025-11-13T14:03:27","modified_gmt":"2025-11-13T12:03:27","slug":"forcadell-ladministrador-de-confianca-per-a-la-seva-comunitat","status":"publish","type":"landings_post","link":"https:\/\/forcadell.com\/ca\/forcadell-ladministrador-de-confianca-per-a-la-seva-comunitat\/","title":{"rendered":"FORCADELL, l&#8217;administrador de confian\u00e7a per a la seva comunitat"},"content":{"rendered":"\n\n<div class=\"ImageText\" id=\"block_c0d61a62a73b791dbf44eb6543882ffb\">\n\t<div class=\"o-container o-module\">\n\t\t    <h3\n     class=\"ImageText__title ImageText__title--mobile\"        >\n    Comptes clars, gesti\u00f3 segura i assessorament jur\u00eddic\n    <\/h3>\n\n\t\t\t\t<div class=\"ImageText__text\">\n\t\t\t    <h3\n     class=\"ImageText__title\"        >\n    Comptes clars, gesti\u00f3 segura i assessorament jur\u00eddic\n    <\/h3>\n\n\t\t\t<div class=\"ImageText__description\">\n\t\t\t\t<p>A FORCADELL fa <strong>m\u00e9s de 65 anys que administrem comunitats de propietaris<\/strong> i creiem que la confian\u00e7a es construeix amb fets.<\/p>\n<p data-start=\"225\" data-end=\"413\">Per aix\u00f2, les nostres <strong>comunitats de propietaris<\/strong> gaudeixen d\u2019una <strong>gesti\u00f3 transparent i efica\u00e7<\/strong>, amb <strong>auditories externes anuals<\/strong> i una <strong>comunicaci\u00f3 clara i constant<\/strong> sobre cada despesa i decisi\u00f3.<\/p>\n<p data-start=\"415\" data-end=\"500\">Amb nosaltres, sabr\u00e0 en tot moment <strong>com es gestionen els comptes de la seva comunitat<\/strong>.<\/p>\n<p data-start=\"502\" data-end=\"653\">Comptem amb <strong>administradors de finques col\u00b7legiats<\/strong> i amb un <strong>departament jur\u00eddic<\/strong> expert en propietat horitzontal i en la resoluci\u00f3 de conflictes ve\u00efnals.<\/p>\n<p data-start=\"655\" data-end=\"824\">Posem a la seva disposici\u00f3 una <strong>gesti\u00f3 professional, propera i totalment transparent<\/strong>, pensada per oferir la seguretat i la tranquil\u00b7litat que la seva comunitat es mereix.<\/p>\n\n\t\t\t<\/div>\n\t\t<\/div>\n\t\t\t<\/div>\n<\/div>\n\n\n<div class=\"AboutSection o-container o-module o-module-xl\" id=\"block_70cbdb07210202bc8e296e5a0c57a565\">\n\t\n\t<div class=\"AboutSection_banner\">\n\t\t\t<\/div>\n\t<div class=\"AboutSection_cards\">\n\t\t\t\t\t\t\t\t\t<div class=\"TextCardBackground\">\n\t<h3>\n\t\tConfian\u00e7a\n\t<\/h3>\n\t<p>\n\t\t<p style=\"text-align: left;\">Experi\u00e8ncia i solv\u00e8ncia contrastada a c\u00e0rrec d\u2019administradors col\u00b7legiats<\/p>\n\n\t<\/p>\n<\/div>\n\t\t\t\t\t\t\t<div class=\"TextCardBackground\">\n\t<h3>\n\t\tTranspar\u00e8ncia\n\t<\/h3>\n\t<p>\n\t\t<p style=\"text-align: left;\">Acc\u00e9s en l\u00ednia en qualsevol moment a la informaci\u00f3 comptable de la comunitat<\/p>\n\n\t<\/p>\n<\/div>\n\t\t\t\t\t\t\t<div class=\"TextCardBackground\">\n\t<h3>\n\t\tSeguretat\n\t<\/h3>\n\t<p>\n\t\t<p style=\"text-align: left;\">Auditories externes anuals per certificar la nostra gesti\u00f3<\/p>\n\n\t<\/p>\n<\/div>\n\t\t\t\t\t\t\t<div class=\"TextCardBackground\">\n\t<h3>\n\t\tSuport jur\u00eddic\n\t<\/h3>\n\t<p>\n\t\t<p style=\"text-align: left;\">Departament jur\u00eddic propi i especialitzat en dret immobiliari<\/p>\n\n\t<\/p>\n<\/div>\n\t\t\t\t\t\t<\/div>\n<\/div>\n\n\n\n<div class=\"FeaturedContent o-container o-module-color\" id=\"block_d3b3a0307a2b5c4b7903f3e23e9c7a40\">\n\t\t\t<div class=\"FeaturedContent_content\n\t\t\">\n                            <h3\n            >\n    Sol\u00b7liciti pressupost sense comprom\u00eds\n    <\/h3>\n\n\t\t\t<div class=\"FeaturedContent_image\">\n\t\t\t\t\t\t\t\t\t<img decoding=\"async\" src=\"https:\/\/forcadell.com\/wp-content\/uploads\/2025\/11\/shutterstock-2343848313-549x660.jpg\" alt=\"Administraci\u00f3n de comunidades\" \/>\n\t\t\t\t\t\t\t<\/div>\n            \n\t\t\t<p>Descontent amb la gesti\u00f3 de la seva comunitat? Vol una gesti\u00f3 segura, eficient i personalitzada per a la seva comunitat de propietaris?<\/p>\n<p>Estarem encantats d\u2019enviar-li una <strong>proposta a mida<\/strong>, adaptada a les necessitats i caracter\u00edstiques espec\u00edfiques de la seva comunitat.<\/p>\n<p>Contacti ara mateix amb FORCADELL!<\/p>\n\n\n            \t\t<\/div>\n\t<\/div>\n","protected":false},"menu_order":0,"template":"","meta":{"_acf_changed":false,"footnotes":""},"class_list":["post-59217","landings_post","type-landings_post","status-publish","has-post-thumbnail","hentry"],"acf":{"post_type_landings_post_image":59176,"post_type_landings_post_type":"detail","post_type_landings_post_form_id":"21"},"yoast_head":"<!-- This site is optimized with the Yoast SEO plugin v25.6 - https:\/\/yoast.com\/wordpress\/plugins\/seo\/ -->\n<title>FORCADELL, l&#039;administrador de confian\u00e7a per a la seva comunitat<\/title>\n<meta name=\"description\" content=\"M\u00e9s de 65 anys tenint cura del patrimoni de milers de ve\u00efns. Amb FORCADELL, la seva comunitat guanya transpar\u00e8ncia, seguretat i assessorament jur\u00eddic continu.\" \/>\n<meta name=\"robots\" content=\"index, follow, max-snippet:-1, max-image-preview:large, max-video-preview:-1\" \/>\n<link rel=\"canonical\" href=\"https:\/\/forcadell.com\/ca\/forcadell-ladministrador-de-confianca-per-a-la-seva-comunitat\/\" \/>\n<meta property=\"og:locale\" content=\"ca_ES\" \/>\n<meta property=\"og:type\" content=\"article\" \/>\n<meta property=\"og:title\" content=\"FORCADELL, l&#039;administrador de confian\u00e7a per a la seva comunitat\" \/>\n<meta property=\"og:description\" content=\"M\u00e9s de 65 anys tenint cura del patrimoni de milers de ve\u00efns. Amb FORCADELL, la seva comunitat guanya transpar\u00e8ncia, seguretat i assessorament jur\u00eddic continu.\" \/>\n<meta property=\"og:url\" content=\"https:\/\/forcadell.com\/ca\/forcadell-ladministrador-de-confianca-per-a-la-seva-comunitat\/\" \/>\n<meta property=\"og:site_name\" content=\"Forcadell\" \/>\n<meta property=\"article:modified_time\" content=\"2025-11-13T12:03:27+00:00\" \/>\n<meta property=\"og:image\" content=\"https:\/\/forcadell.com\/wp-content\/uploads\/2025\/11\/shutterstock-2135141145-1360x636.jpg\" \/>\n\t<meta property=\"og:image:width\" content=\"1360\" \/>\n\t<meta property=\"og:image:height\" content=\"636\" \/>\n\t<meta property=\"og:image:type\" content=\"image\/jpeg\" \/>\n<meta name=\"twitter:card\" content=\"summary_large_image\" \/>\n<!-- \/ Yoast SEO plugin. -->","yoast_head_json":{"title":"FORCADELL, l'administrador de confian\u00e7a per a la seva comunitat","description":"M\u00e9s de 65 anys tenint cura del patrimoni de milers de ve\u00efns. Amb FORCADELL, la seva comunitat guanya transpar\u00e8ncia, seguretat i assessorament jur\u00eddic continu.","robots":{"index":"index","follow":"follow","max-snippet":"max-snippet:-1","max-image-preview":"max-image-preview:large","max-video-preview":"max-video-preview:-1"},"canonical":"https:\/\/forcadell.com\/ca\/forcadell-ladministrador-de-confianca-per-a-la-seva-comunitat\/","og_locale":"ca_ES","og_type":"article","og_title":"FORCADELL, l'administrador de confian\u00e7a per a la seva comunitat","og_description":"M\u00e9s de 65 anys tenint cura del patrimoni de milers de ve\u00efns. Amb FORCADELL, la seva comunitat guanya transpar\u00e8ncia, seguretat i assessorament jur\u00eddic continu.","og_url":"https:\/\/forcadell.com\/ca\/forcadell-ladministrador-de-confianca-per-a-la-seva-comunitat\/","og_site_name":"Forcadell","article_modified_time":"2025-11-13T12:03:27+00:00","og_image":[{"width":1360,"height":636,"url":"https:\/\/forcadell.com\/wp-content\/uploads\/2025\/11\/shutterstock-2135141145-1360x636.jpg","type":"image\/jpeg"}],"twitter_card":"summary_large_image","schema":{"@context":"https:\/\/schema.org","@graph":[{"@type":"WebPage","@id":"https:\/\/forcadell.com\/ca\/forcadell-ladministrador-de-confianca-per-a-la-seva-comunitat\/","url":"https:\/\/forcadell.com\/ca\/forcadell-ladministrador-de-confianca-per-a-la-seva-comunitat\/","name":"FORCADELL, l'administrador de confian\u00e7a per a la seva comunitat","isPartOf":{"@id":"https:\/\/forcadell.com\/ca\/#website"},"primaryImageOfPage":{"@id":"https:\/\/forcadell.com\/ca\/forcadell-ladministrador-de-confianca-per-a-la-seva-comunitat\/#primaryimage"},"image":{"@id":"https:\/\/forcadell.com\/ca\/forcadell-ladministrador-de-confianca-per-a-la-seva-comunitat\/#primaryimage"},"thumbnailUrl":"https:\/\/forcadell.com\/wp-content\/uploads\/2025\/11\/shutterstock-2135141145.jpg","datePublished":"2025-11-13T08:39:05+00:00","dateModified":"2025-11-13T12:03:27+00:00","description":"M\u00e9s de 65 anys tenint cura del patrimoni de milers de ve\u00efns. Amb FORCADELL, la seva comunitat guanya transpar\u00e8ncia, seguretat i assessorament jur\u00eddic continu.","breadcrumb":{"@id":"https:\/\/forcadell.com\/ca\/forcadell-ladministrador-de-confianca-per-a-la-seva-comunitat\/#breadcrumb"},"inLanguage":"ca","potentialAction":[{"@type":"ReadAction","target":["https:\/\/forcadell.com\/ca\/forcadell-ladministrador-de-confianca-per-a-la-seva-comunitat\/"]}]},{"@type":"ImageObject","inLanguage":"ca","@id":"https:\/\/forcadell.com\/ca\/forcadell-ladministrador-de-confianca-per-a-la-seva-comunitat\/#primaryimage","url":"https:\/\/forcadell.com\/wp-content\/uploads\/2025\/11\/shutterstock-2135141145.jpg","contentUrl":"https:\/\/forcadell.com\/wp-content\/uploads\/2025\/11\/shutterstock-2135141145.jpg","width":6676,"height":4451,"caption":"FORCADELL, administrador de confianza"},{"@type":"BreadcrumbList","@id":"https:\/\/forcadell.com\/ca\/forcadell-ladministrador-de-confianca-per-a-la-seva-comunitat\/#breadcrumb","itemListElement":[{"@type":"ListItem","position":1,"name":"Portada","item":"https:\/\/forcadell.com\/ca\/"},{"@type":"ListItem","position":2,"name":"Landings","item":"https:\/\/forcadell.com\/ca\/landings_post\/"},{"@type":"ListItem","position":3,"name":"FORCADELL, l&#8217;administrador de confian\u00e7a per a la seva comunitat"}]},{"@type":"WebSite","@id":"https:\/\/forcadell.com\/ca\/#website","url":"https:\/\/forcadell.com\/ca\/","name":"Forcadell","description":"Inmobiliaria Barcelona | Consultores inmobiliarios","potentialAction":[{"@type":"SearchAction","target":{"@type":"EntryPoint","urlTemplate":"https:\/\/forcadell.com\/ca\/?s={search_term_string}"},"query-input":{"@type":"PropertyValueSpecification","valueRequired":true,"valueName":"search_term_string"}}],"inLanguage":"ca"}]}},"_links":{"self":[{"href":"https:\/\/forcadell.com\/ca\/wp-json\/wp\/v2\/landings_post\/59217"}],"collection":[{"href":"https:\/\/forcadell.com\/ca\/wp-json\/wp\/v2\/landings_post"}],"about":[{"href":"https:\/\/forcadell.com\/ca\/wp-json\/wp\/v2\/types\/landings_post"}],"version-history":[{"count":2,"href":"https:\/\/forcadell.com\/ca\/wp-json\/wp\/v2\/landings_post\/59217\/revisions"}],"predecessor-version":[{"id":59221,"href":"https:\/\/forcadell.com\/ca\/wp-json\/wp\/v2\/landings_post\/59217\/revisions\/59221"}],"wp:featuredmedia":[{"embeddable":true,"href":"https:\/\/forcadell.com\/ca\/wp-json\/wp\/v2\/media\/59176"}],"wp:attachment":[{"href":"https:\/\/forcadell.com\/ca\/wp-json\/wp\/v2\/media?parent=59217"}],"curies":[{"name":"wp","href":"https:\/\/api.w.org\/{rel}","templated":true}]}}