{"id":45661,"date":"2025-10-20T13:09:52","date_gmt":"2025-10-20T11:09:52","guid":{"rendered":"https:\/\/www.forcadell.com\/?post_type=landings_post&#038;p=45661"},"modified":"2025-11-10T18:42:03","modified_gmt":"2025-11-10T16:42:03","slug":"informe-actualitat-i-perspectives-del-sector-immobiliari-2025","status":"publish","type":"landings_post","link":"https:\/\/forcadell.com\/ca\/informe-actualitat-i-perspectives-del-sector-immobiliari-2025\/","title":{"rendered":"Informe Actualitat i Perspectives del sector immobiliari 2025"},"content":{"rendered":"\n\n<div class=\"ImageText\" id=\"block_f89cd07d70771c9e1f609397a22b7a23\">\n\t<div class=\"o-container o-module\">\n\t\t    <h1\n     class=\"ImageText__title ImageText__title--mobile\"        >\n    SAVE THE DATE\n    <\/h1>\n\n\t\t\t\t<div class=\"ImageText__text\">\n\t\t\t    <h1\n     class=\"ImageText__title\"        >\n    SAVE THE DATE\n    <\/h1>\n\n\t\t\t<div class=\"ImageText__description\">\n\t\t\t\t<p>Us convidem a la presentaci\u00f3 on-line de l<strong>&#8216;informe immobiliari<\/strong> elaborat per la Universitat de Barcelona i FORCADELL.<\/p>\n<p>Aquesta edici\u00f3 ser\u00e0 especialment significativa, ja que se celebra el <strong>25\u00e8 aniversari de la col\u00b7laboraci\u00f3<\/strong> entre FORCADELL i la UB.<\/p>\n<p>L&#8217;acte, presentat per la periodista <strong>Ana Boadas<\/strong>, comptar\u00e0 amb la pon\u00e8ncia del professor <strong>Dr. Gonzalo Bernardos<\/strong>, Doctor en Economia de la UB, i la participaci\u00f3 del <strong>Sr. Ivan Vaqu\u00e9<\/strong>, CEO de FORCADELL. Tots dos estaran acompanyats pels directors de les diferents \u00e0rees de negoci de la companyia, que aportaran la seva visi\u00f3 experta sobre les tend\u00e8ncies del sector.<\/p>\n<p><strong>\ud83d\udcc5 Quan:<\/strong> Dimecres, 5 de novembre de 2025<br \/>\n\ud83d\udd5a <strong>Hora:<\/strong> 11:00 h<\/p>\n<p>Inscriviu-vos i rebreu l&#8217;<strong><a href=\"https:\/\/www.youtube.com\/watch?v=M1dVqZKDrDQ\" target=\"_blank\" rel=\"noopener\">enlla\u00e7 per veure l&#8217;esdeveniment<\/a><\/strong>. Podreu descarregar l&#8217;informe des de l&#8217;\u00e0rea d&#8217;<a href=\"https:\/\/www.forcadell.com\/ca\/publicacions\/\" target=\"_blank\" rel=\"noopener\"><strong>informes de mercat<\/strong><\/a> de la web.<\/p>\n\n\t\t\t<\/div>\n\t\t<\/div>\n\t\t\t<\/div>\n<\/div>\n\n\n<div class=\"AboutSection o-container o-module o-module-xl\" id=\"block_f0f971ea30c77250a2c4d1a9332b65a0\">\n\t\t\t<h2>\n\t\t\tUn informe de refer\u00e8ncia en el sector\n\t\t<\/h2>\n\t\n\t<div class=\"AboutSection_banner\">\n\t\t\t<\/div>\n\t<div class=\"AboutSection_cards\">\n\t\t\t\t\t\t\t\t\t<div class=\"TextCardBackground\">\n\t<h3>\n\t\tEl mercat de l&#8217;habitatge\n\t<\/h3>\n\t<p>\n\t\t<p>An\u00e0lisi del mercat de l&#8217;habitatge en propietat i de lloguer, i del paper de l&#8217;Administraci\u00f3 p\u00fablica al sector immobiliari.<\/p>\n\n\t<\/p>\n<\/div>\n\t\t\t\t\t\t\t<div class=\"TextCardBackground\">\n\t<h3>\n\t\tEls habitatges d&#8217;\u00fas tur\u00edstic (HUT)\n\t<\/h3>\n\t<p>\n\t\t<p>Les claus de l&#8217;\u00e8xit i les perspectives de futur d&#8217;aquest model.<\/p>\n\n\t<\/p>\n<\/div>\n\t\t\t\t\t\t\t<div class=\"TextCardBackground\">\n\t<h3>\n\t\tSector immobiliari terciari\n\t<\/h3>\n\t<p>\n\t\t<p>An\u00e0lisi del sector industrial-log\u00edstic, oficines, locals comercials i inversi\u00f3 immobili\u00e0ria.<\/p>\n\n\t<\/p>\n<\/div>\n\t\t\t\t\t\t\t<div class=\"TextCardBackground\">\n\t<h3>\n\t\tPrevisions i perspectives 2026\n\t<\/h3>\n\t<p>\n\t\t<p>Projeccions sobre l&#8217;evoluci\u00f3 del mercat immobiliari el proper any.<\/p>\n\n\t<\/p>\n<\/div>\n\t\t\t\t\t\t<\/div>\n<\/div>\n\n\n\n<div class=\"FeaturedContent o-container o-module-color\" id=\"block_fef7f1e9d1bab7b3c71605de225181c8\">\n\t\t\t<div class=\"FeaturedContent_content\n\t\t\">\n                            <h1\n            >\n    Rebeu l&#8217;informe a la safata d&#8217;entrada\n    <\/h1>\n\n\t\t\t<div class=\"FeaturedContent_image\">\n\t\t\t\t\t\t\t\t\t<img decoding=\"async\" src=\"https:\/\/forcadell.com\/wp-content\/uploads\/2025\/10\/informe-mercado-mockup-template-sol-1-549x660.png\" alt=\"\" \/>\n\t\t\t\t\t\t\t<\/div>\n            \n\t\t\t<p>Un cop acabi la presentaci\u00f3 del dia 5 de novembre, us enviarem l&#8217;informe complet al vostre correu electr\u00f2nic. Nom\u00e9s cal inscriure&#8217;s!<\/p>\n\n\n            \t\t<\/div>\n\t<\/div>\n","protected":false},"menu_order":0,"template":"","meta":{"_acf_changed":false,"footnotes":""},"class_list":["post-45661","landings_post","type-landings_post","status-publish","has-post-thumbnail","hentry"],"acf":{"post_type_landings_post_image":50223,"post_type_landings_post_type":"detail","post_type_landings_post_form_id":"13"},"yoast_head":"<!-- This site is optimized with the Yoast SEO plugin v25.6 - https:\/\/yoast.com\/wordpress\/plugins\/seo\/ -->\n<title>Informe Actualitat i Perspectives del sector immobiliari 2025 - Forcadell<\/title>\n<meta name=\"robots\" content=\"index, follow, max-snippet:-1, max-image-preview:large, max-video-preview:-1\" \/>\n<link rel=\"canonical\" href=\"https:\/\/forcadell.com\/ca\/informe-actualitat-i-perspectives-del-sector-immobiliari-2025\/\" \/>\n<meta property=\"og:locale\" content=\"ca_ES\" \/>\n<meta property=\"og:type\" content=\"article\" \/>\n<meta property=\"og:title\" content=\"Informe Actualitat i Perspectives del sector immobiliari 2025 - Forcadell\" \/>\n<meta property=\"og:url\" content=\"https:\/\/forcadell.com\/ca\/informe-actualitat-i-perspectives-del-sector-immobiliari-2025\/\" \/>\n<meta property=\"og:site_name\" content=\"Forcadell\" \/>\n<meta property=\"article:modified_time\" content=\"2025-11-10T16:42:03+00:00\" \/>\n<meta property=\"og:image\" content=\"https:\/\/forcadell.com\/wp-content\/uploads\/2025\/10\/foto-portada-1.jpg\" \/>\n\t<meta property=\"og:image:width\" content=\"2725\" \/>\n\t<meta property=\"og:image:height\" content=\"4088\" \/>\n\t<meta property=\"og:image:type\" content=\"image\/jpeg\" \/>\n<meta name=\"twitter:card\" content=\"summary_large_image\" \/>\n<!-- \/ Yoast SEO plugin. -->","yoast_head_json":{"title":"Informe Actualitat i Perspectives del sector immobiliari 2025 - Forcadell","robots":{"index":"index","follow":"follow","max-snippet":"max-snippet:-1","max-image-preview":"max-image-preview:large","max-video-preview":"max-video-preview:-1"},"canonical":"https:\/\/forcadell.com\/ca\/informe-actualitat-i-perspectives-del-sector-immobiliari-2025\/","og_locale":"ca_ES","og_type":"article","og_title":"Informe Actualitat i Perspectives del sector immobiliari 2025 - Forcadell","og_url":"https:\/\/forcadell.com\/ca\/informe-actualitat-i-perspectives-del-sector-immobiliari-2025\/","og_site_name":"Forcadell","article_modified_time":"2025-11-10T16:42:03+00:00","og_image":[{"width":2725,"height":4088,"url":"https:\/\/forcadell.com\/wp-content\/uploads\/2025\/10\/foto-portada-1.jpg","type":"image\/jpeg"}],"twitter_card":"summary_large_image","schema":{"@context":"https:\/\/schema.org","@graph":[{"@type":"WebPage","@id":"https:\/\/forcadell.com\/ca\/informe-actualitat-i-perspectives-del-sector-immobiliari-2025\/","url":"https:\/\/forcadell.com\/ca\/informe-actualitat-i-perspectives-del-sector-immobiliari-2025\/","name":"Informe Actualitat i Perspectives del sector immobiliari 2025 - Forcadell","isPartOf":{"@id":"https:\/\/forcadell.com\/ca\/#website"},"primaryImageOfPage":{"@id":"https:\/\/forcadell.com\/ca\/informe-actualitat-i-perspectives-del-sector-immobiliari-2025\/#primaryimage"},"image":{"@id":"https:\/\/forcadell.com\/ca\/informe-actualitat-i-perspectives-del-sector-immobiliari-2025\/#primaryimage"},"thumbnailUrl":"https:\/\/forcadell.com\/wp-content\/uploads\/2025\/10\/foto-portada-1.jpg","datePublished":"2025-10-20T11:09:52+00:00","dateModified":"2025-11-10T16:42:03+00:00","breadcrumb":{"@id":"https:\/\/forcadell.com\/ca\/informe-actualitat-i-perspectives-del-sector-immobiliari-2025\/#breadcrumb"},"inLanguage":"ca","potentialAction":[{"@type":"ReadAction","target":["https:\/\/forcadell.com\/ca\/informe-actualitat-i-perspectives-del-sector-immobiliari-2025\/"]}]},{"@type":"ImageObject","inLanguage":"ca","@id":"https:\/\/forcadell.com\/ca\/informe-actualitat-i-perspectives-del-sector-immobiliari-2025\/#primaryimage","url":"https:\/\/forcadell.com\/wp-content\/uploads\/2025\/10\/foto-portada-1.jpg","contentUrl":"https:\/\/forcadell.com\/wp-content\/uploads\/2025\/10\/foto-portada-1.jpg","width":2725,"height":4088},{"@type":"BreadcrumbList","@id":"https:\/\/forcadell.com\/ca\/informe-actualitat-i-perspectives-del-sector-immobiliari-2025\/#breadcrumb","itemListElement":[{"@type":"ListItem","position":1,"name":"Portada","item":"https:\/\/forcadell.com\/ca\/"},{"@type":"ListItem","position":2,"name":"Landings","item":"https:\/\/forcadell.com\/ca\/landings_post\/"},{"@type":"ListItem","position":3,"name":"Informe Actualitat i Perspectives del sector immobiliari 2025"}]},{"@type":"WebSite","@id":"https:\/\/forcadell.com\/ca\/#website","url":"https:\/\/forcadell.com\/ca\/","name":"Forcadell","description":"Inmobiliaria Barcelona | Consultores inmobiliarios","potentialAction":[{"@type":"SearchAction","target":{"@type":"EntryPoint","urlTemplate":"https:\/\/forcadell.com\/ca\/?s={search_term_string}"},"query-input":{"@type":"PropertyValueSpecification","valueRequired":true,"valueName":"search_term_string"}}],"inLanguage":"ca"}]}},"_links":{"self":[{"href":"https:\/\/forcadell.com\/ca\/wp-json\/wp\/v2\/landings_post\/45661"}],"collection":[{"href":"https:\/\/forcadell.com\/ca\/wp-json\/wp\/v2\/landings_post"}],"about":[{"href":"https:\/\/forcadell.com\/ca\/wp-json\/wp\/v2\/types\/landings_post"}],"version-history":[{"count":14,"href":"https:\/\/forcadell.com\/ca\/wp-json\/wp\/v2\/landings_post\/45661\/revisions"}],"predecessor-version":[{"id":59097,"href":"https:\/\/forcadell.com\/ca\/wp-json\/wp\/v2\/landings_post\/45661\/revisions\/59097"}],"wp:featuredmedia":[{"embeddable":true,"href":"https:\/\/forcadell.com\/ca\/wp-json\/wp\/v2\/media\/50223"}],"wp:attachment":[{"href":"https:\/\/forcadell.com\/ca\/wp-json\/wp\/v2\/media?parent=45661"}],"curies":[{"name":"wp","href":"https:\/\/api.w.org\/{rel}","templated":true}]}}