{"id":32118,"date":"2025-03-14T14:15:30","date_gmt":"2025-03-14T12:15:30","guid":{"rendered":"https:\/\/www.forcadell.com\/?post_type=jobs_post&#038;p=32118"},"modified":"2026-02-12T13:26:36","modified_gmt":"2026-02-12T11:26:36","slug":"consultor-a-captador-a-immobiliari-residencial","status":"publish","type":"jobs_post","link":"https:\/\/forcadell.com\/ca\/ofertas-de-empleo\/consultor-a-captador-a-immobiliari-residencial\/","title":{"rendered":"Consultors\/es \u2013 Captadors\/es Immobiliaris Residencial (oficines de Barcelona, Gav\u00e0, Mollet del Vall\u00e8s, Granollers i Terrassa)"},"content":{"rendered":"<div class=\"o-container GenericStyles\">\n<h2 class=\"wp-block-heading\">Descripci\u00f3<\/h2>\n<\/div>\n\n<div class=\"o-container GenericStyles\">\n<p>FORCADELL requereix <strong>un\/a consultor\/a<\/strong> per al seu Departament de Comercialitzaci\u00f3 d\u2019habitatges a les seg\u00fcents oficines i zones:<\/p>\n<\/div>\n\n<div class=\"o-container GenericStyles\">\n<ul class=\"wp-block-list\">\n<li>Barcelona<\/li>\n\n\n\n<li>Gav\u00e0<\/li>\n\n\n\n<li>Mollet del Vall\u00e8s<\/li>\n\n\n\n<li>Granollers<\/li>\n\n\n\n<li>Terrassa<\/li>\n<\/ul>\n<\/div>\n\n<div class=\"o-container GenericStyles\">\n<p>La principal tasca a desenvolupar \u00e9s la captaci\u00f3 i comercialitzaci\u00f3 d\u2019habitatges de compra-venda, oferint un servei d\u2019assessorament i intermediaci\u00f3 entre propietaris i demandants. El lloc de treball requereix una persona amb perfil comercial amb experi\u00e8ncia i habilitats per a la negociaci\u00f3&nbsp;i qualitats per a les relacions p\u00fabliques.<\/p>\n<\/div>\n\n<div class=\"o-container GenericStyles\">\n<p>S\u2019ofereix un lloc de treball estable i amb projecci\u00f3 segons la v\u00e0lua del candidat, que s\u2019incorporar\u00e0 a un equip de consultors a c\u00e0rrec de la Direcci\u00f3 del departament. El lloc de treball est\u00e0 configurat sota objectius de facturaci\u00f3 i de captaci\u00f3, i permet autonomia i la capacitat d\u2019augmentar honoraris mitjan\u00e7ant ingressos variables.<\/p>\n<\/div>\n\n<div class=\"o-container GenericStyles\">\n<h2 class=\"wp-block-heading\">Responsabilitats<\/h2>\n<\/div>\n\n<div class=\"o-container GenericStyles\">\n<ul class=\"wp-block-list is-style-icon\">\n<li>Intermediaci\u00f3 d&#8217;operacions immobili\u00e0ries principalment residencials.<\/li>\n\n\n\n<li>Captaci\u00f3 activa d&#8217;immobles: geolocalitzaci\u00f3, <em>farming<\/em>, trucades&#8230;<\/li>\n\n\n\n<li>Promoure les vendes.<\/li>\n\n\n\n<li>Presentaci\u00f3, recomanaci\u00f3 i intermediaci\u00f3 de productes adequats a les necessitats dels clients.<\/li>\n\n\n\n<li>Assessorament a propietaris i demandants.<\/li>\n\n\n\n<li>Analitzar el mercat per trobar compradors potencials.<\/li>\n<\/ul>\n<\/div>\n\n<div class=\"o-container GenericStyles\">\n<h2 class=\"wp-block-heading\">Condicions<\/h2>\n<\/div>\n\n<div class=\"o-container GenericStyles\">\n<ul class=\"wp-block-list\">\n<li>Tipus de contracte: indefinit<\/li>\n\n\n\n<li>Jornada laboral: completa<\/li>\n\n\n\n<li>Salari fix + variable.<\/li>\n\n\n\n<li>Incorporaci\u00f3 a empresa estable, l\u00edder en serveis dins del sector.<\/li>\n\n\n\n<li>Formaci\u00f3 a c\u00e0rrec de l\u2019empresa.<\/li>\n\n\n\n<li>Plataforma de formaci\u00f3 e-learning.<\/li>\n\n\n\n<li>Acc\u00e9s al club de descomptes &#8220;M\u00e9s Forcadell&#8221;.<\/li>\n<\/ul>\n<\/div>\n\n<div class=\"o-container GenericStyles\">\n<h2 class=\"wp-block-heading\">Requisits<\/h2>\n<\/div>\n\n<div class=\"o-container GenericStyles\">\n<p>Per desenvolupar amb \u00e8xit les tasques requerides, \u00e9s important tenir una actitud proactiva, amb qualitats comercials i amb voluntat d&#8217;ampliar coneixements sobre el sector immobiliari. Es valoraran els coneixements d&#8217;idiomes i experi\u00e8ncia en llocs de treball similars.<\/p>\n<\/div>\n\n<div class=\"o-container GenericStyles\">\n<ul class=\"wp-block-list\">\n<li>Estudis m\u00ednims: Educaci\u00f3 Secund\u00e0ria Obligat\u00f2ria<\/li>\n\n\n\n<li>Experi\u00e8ncia m\u00ednima: 3 anys<\/li>\n\n\n\n<li>Requisits m\u00ednims: Experi\u00e8ncia comercial en llocs de treball similars.&nbsp;<\/li>\n\n\n\n<li>Idiomes: Es valorar\u00e0 tenir coneixements d\u2019idiomes, sobretot d\u2019angl\u00e8s.<\/li>\n\n\n\n<li>Imprescindible perm\u00eds de conduir.<\/li>\n<\/ul>\n<\/div>","protected":false},"menu_order":0,"template":"","meta":{"_acf_changed":false,"footnotes":""},"class_list":["post-32118","jobs_post","type-jobs_post","status-publish","hentry"],"acf":{"post_type_jobs_post_open-positions":3,"post_type_jobs_post_location":"Barcelona, Gav\u00e0, Mollet del Vall\u00e8s, Granollers, Terrassa","post_type_jobs_post_date":"20260204"},"yoast_head":"<!-- This site is optimized with the Yoast SEO plugin v27.4 - https:\/\/yoast.com\/product\/yoast-seo-wordpress\/ -->\n<title>Consultors\/es \u2013 Captadors\/es Immobiliaris Residencial (oficines de Barcelona, Gav\u00e0, Mollet del Vall\u00e8s, Granollers i Terrassa) - Forcadell<\/title>\n<meta name=\"robots\" content=\"index, follow, max-snippet:-1, max-image-preview:large, max-video-preview:-1\" \/>\n<link rel=\"canonical\" href=\"https:\/\/forcadell.com\/ca\/ofertas-de-empleo\/consultor-a-captador-a-immobiliari-residencial\/\" \/>\n<meta property=\"og:locale\" content=\"ca_ES\" \/>\n<meta property=\"og:type\" content=\"article\" \/>\n<meta property=\"og:title\" content=\"Consultors\/es \u2013 Captadors\/es Immobiliaris Residencial (oficines de Barcelona, Gav\u00e0, Mollet del Vall\u00e8s, Granollers i Terrassa) - Forcadell\" \/>\n<meta property=\"og:description\" content=\"Descripci\u00f3 FORCADELL requereix un\/a consultor\/a per al seu Departament de Comercialitzaci\u00f3 d\u2019habitatges a les seg\u00fcents oficines i zones: La principal tasca a desenvolupar \u00e9s la captaci\u00f3 i comercialitzaci\u00f3 d\u2019habitatges de compra-venda, oferint un servei d\u2019assessorament i intermediaci\u00f3 entre propietaris i demandants. El lloc de treball requereix una persona amb perfil comercial amb experi\u00e8ncia i habilitats [&hellip;]\" \/>\n<meta property=\"og:url\" content=\"https:\/\/forcadell.com\/ca\/ofertas-de-empleo\/consultor-a-captador-a-immobiliari-residencial\/\" \/>\n<meta property=\"og:site_name\" content=\"Forcadell\" \/>\n<meta property=\"article:modified_time\" content=\"2026-02-12T11:26:36+00:00\" \/>\n<meta name=\"twitter:card\" content=\"summary_large_image\" \/>\n<meta name=\"twitter:label1\" content=\"Temps estimat de lectura\" \/>\n\t<meta name=\"twitter:data1\" content=\"2 minuts\" \/>\n<!-- \/ Yoast SEO plugin. -->","yoast_head_json":{"title":"Consultors\/es \u2013 Captadors\/es Immobiliaris Residencial (oficines de Barcelona, Gav\u00e0, Mollet del Vall\u00e8s, Granollers i Terrassa) - Forcadell","robots":{"index":"index","follow":"follow","max-snippet":"max-snippet:-1","max-image-preview":"max-image-preview:large","max-video-preview":"max-video-preview:-1"},"canonical":"https:\/\/forcadell.com\/ca\/ofertas-de-empleo\/consultor-a-captador-a-immobiliari-residencial\/","og_locale":"ca_ES","og_type":"article","og_title":"Consultors\/es \u2013 Captadors\/es Immobiliaris Residencial (oficines de Barcelona, Gav\u00e0, Mollet del Vall\u00e8s, Granollers i Terrassa) - Forcadell","og_description":"Descripci\u00f3 FORCADELL requereix un\/a consultor\/a per al seu Departament de Comercialitzaci\u00f3 d\u2019habitatges a les seg\u00fcents oficines i zones: La principal tasca a desenvolupar \u00e9s la captaci\u00f3 i comercialitzaci\u00f3 d\u2019habitatges de compra-venda, oferint un servei d\u2019assessorament i intermediaci\u00f3 entre propietaris i demandants. El lloc de treball requereix una persona amb perfil comercial amb experi\u00e8ncia i habilitats [&hellip;]","og_url":"https:\/\/forcadell.com\/ca\/ofertas-de-empleo\/consultor-a-captador-a-immobiliari-residencial\/","og_site_name":"Forcadell","article_modified_time":"2026-02-12T11:26:36+00:00","twitter_card":"summary_large_image","twitter_misc":{"Temps estimat de lectura":"2 minuts"},"schema":{"@context":"https:\/\/schema.org","@graph":[{"@type":"WebPage","@id":"https:\/\/forcadell.com\/ca\/ofertas-de-empleo\/consultor-a-captador-a-immobiliari-residencial\/","url":"https:\/\/forcadell.com\/ca\/ofertas-de-empleo\/consultor-a-captador-a-immobiliari-residencial\/","name":"Consultors\/es \u2013 Captadors\/es Immobiliaris Residencial (oficines de Barcelona, Gav\u00e0, Mollet del Vall\u00e8s, Granollers i Terrassa) - Forcadell","isPartOf":{"@id":"https:\/\/forcadell.com\/ca\/#website"},"datePublished":"2025-03-14T12:15:30+00:00","dateModified":"2026-02-12T11:26:36+00:00","breadcrumb":{"@id":"https:\/\/forcadell.com\/ca\/ofertas-de-empleo\/consultor-a-captador-a-immobiliari-residencial\/#breadcrumb"},"inLanguage":"ca","potentialAction":[{"@type":"ReadAction","target":["https:\/\/forcadell.com\/ca\/ofertas-de-empleo\/consultor-a-captador-a-immobiliari-residencial\/"]}]},{"@type":"BreadcrumbList","@id":"https:\/\/forcadell.com\/ca\/ofertas-de-empleo\/consultor-a-captador-a-immobiliari-residencial\/#breadcrumb","itemListElement":[{"@type":"ListItem","position":1,"name":"Portada","item":"https:\/\/forcadell.com\/ca\/"},{"@type":"ListItem","position":2,"name":"Jobs","item":"https:\/\/forcadell.com\/ca\/ofertas-de-empleo\/"},{"@type":"ListItem","position":3,"name":"Consultors\/es \u2013 Captadors\/es Immobiliaris Residencial (oficines de Barcelona, Gav\u00e0, Mollet del Vall\u00e8s, Granollers i Terrassa)"}]},{"@type":"WebSite","@id":"https:\/\/forcadell.com\/ca\/#website","url":"https:\/\/forcadell.com\/ca\/","name":"Forcadell","description":"Inmobiliaria Barcelona | Consultores inmobiliarios","potentialAction":[{"@type":"SearchAction","target":{"@type":"EntryPoint","urlTemplate":"https:\/\/forcadell.com\/ca\/?s={search_term_string}"},"query-input":{"@type":"PropertyValueSpecification","valueRequired":true,"valueName":"search_term_string"}}],"inLanguage":"ca"}]}},"_links":{"self":[{"href":"https:\/\/forcadell.com\/ca\/wp-json\/wp\/v2\/jobs_post\/32118","targetHints":{"allow":["GET"]}}],"collection":[{"href":"https:\/\/forcadell.com\/ca\/wp-json\/wp\/v2\/jobs_post"}],"about":[{"href":"https:\/\/forcadell.com\/ca\/wp-json\/wp\/v2\/types\/jobs_post"}],"version-history":[{"count":15,"href":"https:\/\/forcadell.com\/ca\/wp-json\/wp\/v2\/jobs_post\/32118\/revisions"}],"predecessor-version":[{"id":62091,"href":"https:\/\/forcadell.com\/ca\/wp-json\/wp\/v2\/jobs_post\/32118\/revisions\/62091"}],"wp:attachment":[{"href":"https:\/\/forcadell.com\/ca\/wp-json\/wp\/v2\/media?parent=32118"}],"curies":[{"name":"wp","href":"https:\/\/api.w.org\/{rel}","templated":true}]}}